{"id":9915,"date":"2024-03-27T13:29:19","date_gmt":"2024-03-27T18:29:19","guid":{"rendered":"https:\/\/resultscanada.ca\/?p=9915"},"modified":"2024-04-02T08:17:25","modified_gmt":"2024-04-02T13:17:25","slug":"the-light-of-hope-and-solutions-on-world-tb-day","status":"publish","type":"post","link":"https:\/\/resultscanada.ca\/fr\/the-light-of-hope-and-solutions-on-world-tb-day\/","title":{"rendered":"une lumi\u00e8re d'espoir et de solutions pour la Journ\u00e9e mondiale de la lutte contre la TB\u00a0"},"content":{"rendered":"<p>Pour comm\u00e9morer la Journ\u00e9e mondiale de la ;lutte contre la TB cette ann\u00e9e, le personnel, les b\u00e9n\u00e9voles et les partenaires de R\u00e9sultats Canada ont travaill\u00e9 fort pour faire briller la lumi\u00e8re rouge sur la tuberculose (TB) - une maladie qui est souvent n\u00e9glig\u00e9e et dont on ne fait pas assez de cas. Chaque ann\u00e9e, notre objectif est de sensibiliser les d\u00e9cideurs.euses et le grand public \u00e0 la TB et d'\u00eatre solidaires avec les millions de personnes touch\u00e9es par la TB.<\/p>\n\n\n\n<h2 class=\"wp-block-heading has-text-color has-link-color wp-elements-11673388c660a7e764ee7c5dcfb2bb5d\" style=\"color:#d50032\">les b\u00e9n\u00e9voles en action \u2013 sensibiliser le public<\/h2>\n\n\n\n<p>Le succ\u00e8s de cette Journ\u00e9e mondiale de la lultte contre la TB n'aurait pas \u00e9t\u00e9 possible sans nos b\u00e9n\u00e9voles. Dans tout le pays, des personnes se sont rassembl\u00e9es et ont montr\u00e9 qu'elles avaient \u00e0 c\u0153ur de mettre fin \u00e0 la TB.  Ils ont fait illuminer 43 sites en rouge, ont obtenu 8 proclamations de maires, ont \u00e9crit des lettres \u00e0 la r\u00e9daction et ont appel\u00e9 \u00e0 un investissement accru pour mettre fin \u00e0 la TB sur les m\u00e9dias sociaux. Des groupes de b\u00e9n\u00e9voles \u00e0 Ottawa, Montr\u00e9al, Waterloo, Toronto, Calgary, Vancouver, Victoria, Charlottetown et Winnipeg se sont r\u00e9unis devant des sites illumin\u00e9s pour faire entendre leur voix en faveur d'un monde sans TB.<\/p>\n\n\n<style>.kb-image9915_61891f-86 .kb-image-has-overlay:after{opacity:0.3;}<\/style>\n<div class=\"wp-block-kadence-image kb-image9915_61891f-86\"><figure class=\"aligncenter size-large\"><img loading=\"lazy\" decoding=\"async\" width=\"1024\" height=\"288\" src=\"https:\/\/cdn.resultscanada.ca\/wp-content\/uploads\/WTBD-2024-Monument-collage-banner-1024x288.png\" alt=\"Collage of monuments and landmarks lit up in red across Canada for World TB Day 2024.\" class=\"kb-img wp-image-9941\" srcset=\"https:\/\/cdn.resultscanada.ca\/wp-content\/uploads\/WTBD-2024-Monument-collage-banner-1024x288.png 1024w, https:\/\/cdn.resultscanada.ca\/wp-content\/uploads\/WTBD-2024-Monument-collage-banner-300x84.png 300w, https:\/\/cdn.resultscanada.ca\/wp-content\/uploads\/WTBD-2024-Monument-collage-banner-768x216.png 768w, https:\/\/cdn.resultscanada.ca\/wp-content\/uploads\/WTBD-2024-Monument-collage-banner-1536x432.png 1536w, https:\/\/cdn.resultscanada.ca\/wp-content\/uploads\/WTBD-2024-Monument-collage-banner-18x5.png 18w, https:\/\/cdn.resultscanada.ca\/wp-content\/uploads\/WTBD-2024-Monument-collage-banner.png 1600w\" sizes=\"auto, (max-width: 1024px) 100vw, 1024px\" \/><figcaption><em>Les b\u00e9n\u00e9voles de R\u00e9sultats Canada se sont rassembl\u00e9s dans tout le pays devant des monuments illumin\u00e9s en rouge pour la Journ\u00e9e mondiale de la lutte contre la TB.<\/em><\/figcaption><\/figure><\/div>\n\n\n<style>.kt-accordion-id9915_23fb7f-2e .kt-accordion-inner-wrap{column-gap:var(--global-kb-gap-md, 2rem);row-gap:10px;}.kt-accordion-id9915_23fb7f-2e .kt-accordion-panel-inner{border-top:0px solid transparent;border-right:0px solid transparent;border-bottom:0px solid transparent;border-left:0px solid transparent;background:#ffffff;padding-top:var(--global-kb-spacing-sm, 1.5rem);padding-right:var(--global-kb-spacing-sm, 1.5rem);padding-bottom:var(--global-kb-spacing-sm, 1.5rem);padding-left:var(--global-kb-spacing-sm, 1.5rem);}.kt-accordion-id9915_23fb7f-2e > .kt-accordion-inner-wrap > .wp-block-kadence-pane > .kt-accordion-header-wrap > .kt-blocks-accordion-header{border-top:0px solid #f2f2f2;border-right:0px solid #f2f2f2;border-bottom:0px solid #f2f2f2;border-left:0px solid #f2f2f2;border-top-left-radius:6px;border-top-right-radius:6px;border-bottom-right-radius:6px;border-bottom-left-radius:6px;background:#d50032;font-family:'Open Sans';font-weight:400;color:#ffffff;padding-top:14px;padding-right:16px;padding-bottom:14px;padding-left:16px;}.kt-accordion-id9915_23fb7f-2e:not( .kt-accodion-icon-style-basiccircle ):not( .kt-accodion-icon-style-xclosecircle ):not( .kt-accodion-icon-style-arrowcircle )  > .kt-accordion-inner-wrap > .wp-block-kadence-pane > .kt-accordion-header-wrap .kt-blocks-accordion-icon-trigger:after, .kt-accordion-id9915_23fb7f-2e:not( .kt-accodion-icon-style-basiccircle ):not( .kt-accodion-icon-style-xclosecircle ):not( .kt-accodion-icon-style-arrowcircle )  > .kt-accordion-inner-wrap > .wp-block-kadence-pane > .kt-accordion-header-wrap .kt-blocks-accordion-icon-trigger:before{background:#ffffff;}.kt-accordion-id9915_23fb7f-2e:not( .kt-accodion-icon-style-basic ):not( .kt-accodion-icon-style-xclose ):not( .kt-accodion-icon-style-arrow ) .kt-blocks-accordion-icon-trigger{background:#ffffff;}.kt-accordion-id9915_23fb7f-2e:not( .kt-accodion-icon-style-basic ):not( .kt-accodion-icon-style-xclose ):not( .kt-accodion-icon-style-arrow ) .kt-blocks-accordion-icon-trigger:after, .kt-accordion-id9915_23fb7f-2e:not( .kt-accodion-icon-style-basic ):not( .kt-accodion-icon-style-xclose ):not( .kt-accodion-icon-style-arrow ) .kt-blocks-accordion-icon-trigger:before{background:#d50032;}.kt-accordion-id9915_23fb7f-2e > .kt-accordion-inner-wrap > .wp-block-kadence-pane > .kt-accordion-header-wrap > .kt-blocks-accordion-header:hover, \n\t\t\t\tbody:not(.hide-focus-outline) .kt-accordion-id9915_23fb7f-2e .kt-blocks-accordion-header:focus-visible{color:#ffffff;background:#ffb81c;border-top-color:#eeeeee;border-top-style:solid;border-right-color:#eeeeee;border-right-style:solid;border-bottom-color:#eeeeee;border-bottom-style:solid;border-left-color:#eeeeee;border-left-style:solid;}.kt-accordion-id9915_23fb7f-2e:not( .kt-accodion-icon-style-basiccircle ):not( .kt-accodion-icon-style-xclosecircle ):not( .kt-accodion-icon-style-arrowcircle ) .kt-accordion-header-wrap .kt-blocks-accordion-header:hover .kt-blocks-accordion-icon-trigger:after, .kt-accordion-id9915_23fb7f-2e:not( .kt-accodion-icon-style-basiccircle ):not( .kt-accodion-icon-style-xclosecircle ):not( .kt-accodion-icon-style-arrowcircle ) .kt-accordion-header-wrap .kt-blocks-accordion-header:hover .kt-blocks-accordion-icon-trigger:before, body:not(.hide-focus-outline) .kt-accordion-id9915_23fb7f-2e:not( .kt-accodion-icon-style-basiccircle ):not( .kt-accodion-icon-style-xclosecircle ):not( .kt-accodion-icon-style-arrowcircle ) .kt-blocks-accordion--visible .kt-blocks-accordion-icon-trigger:after, body:not(.hide-focus-outline) .kt-accordion-id9915_23fb7f-2e:not( .kt-accodion-icon-style-basiccircle ):not( .kt-accodion-icon-style-xclosecircle ):not( .kt-accodion-icon-style-arrowcircle ) .kt-blocks-accordion-header:focus-visible .kt-blocks-accordion-icon-trigger:before{background:#ffffff;}.kt-accordion-id9915_23fb7f-2e:not( .kt-accodion-icon-style-basic ):not( .kt-accodion-icon-style-xclose ):not( .kt-accodion-icon-style-arrow ) .kt-accordion-header-wrap .kt-blocks-accordion-header:hover .kt-blocks-accordion-icon-trigger, body:not(.hide-focus-outline) .kt-accordion-id9915_23fb7f-2e:not( .kt-accodion-icon-style-basic ):not( .kt-accodion-icon-style-xclose ):not( .kt-accodion-icon-style-arrow ) .kt-accordion-header-wrap .kt-blocks-accordion-header:focus-visible .kt-blocks-accordion-icon-trigger{background:#ffffff;}.kt-accordion-id9915_23fb7f-2e:not( .kt-accodion-icon-style-basic ):not( .kt-accodion-icon-style-xclose ):not( .kt-accodion-icon-style-arrow ) .kt-accordion-header-wrap .kt-blocks-accordion-header:hover .kt-blocks-accordion-icon-trigger:after, .kt-accordion-id9915_23fb7f-2e:not( .kt-accodion-icon-style-basic ):not( .kt-accodion-icon-style-xclose ):not( .kt-accodion-icon-style-arrow ) .kt-accordion-header-wrap .kt-blocks-accordion-header:hover .kt-blocks-accordion-icon-trigger:before, body:not(.hide-focus-outline) .kt-accordion-id9915_23fb7f-2e:not( .kt-accodion-icon-style-basic ):not( .kt-accodion-icon-style-xclose ):not( .kt-accodion-icon-style-arrow ) .kt-accordion-header-wrap .kt-blocks-accordion-header:focus-visible .kt-blocks-accordion-icon-trigger:after, body:not(.hide-focus-outline) .kt-accordion-id9915_23fb7f-2e:not( .kt-accodion-icon-style-basic ):not( .kt-accodion-icon-style-xclose ):not( .kt-accodion-icon-style-arrow ) .kt-accordion-header-wrap .kt-blocks-accordion-header:focus-visible .kt-blocks-accordion-icon-trigger:before{background:#ffb81c;}.kt-accordion-id9915_23fb7f-2e .kt-accordion-header-wrap .kt-blocks-accordion-header:focus-visible,\n\t\t\t\t.kt-accordion-id9915_23fb7f-2e > .kt-accordion-inner-wrap > .wp-block-kadence-pane > .kt-accordion-header-wrap > .kt-blocks-accordion-header.kt-accordion-panel-active{color:#ffffff;background:#d50032;border-top-color:#BE530B;border-top-style:solid;border-right-color:#BE530B;border-right-style:solid;border-bottom-color:#BE530B;border-bottom-style:solid;border-left-color:#BE530B;border-left-style:solid;}.kt-accordion-id9915_23fb7f-2e:not( .kt-accodion-icon-style-basiccircle ):not( .kt-accodion-icon-style-xclosecircle ):not( .kt-accodion-icon-style-arrowcircle )  > .kt-accordion-inner-wrap > .wp-block-kadence-pane > .kt-accordion-header-wrap > .kt-blocks-accordion-header.kt-accordion-panel-active .kt-blocks-accordion-icon-trigger:after, .kt-accordion-id9915_23fb7f-2e:not( .kt-accodion-icon-style-basiccircle ):not( .kt-accodion-icon-style-xclosecircle ):not( .kt-accodion-icon-style-arrowcircle )  > .kt-accordion-inner-wrap > .wp-block-kadence-pane > .kt-accordion-header-wrap > .kt-blocks-accordion-header.kt-accordion-panel-active .kt-blocks-accordion-icon-trigger:before{background:#ffffff;}.kt-accordion-id9915_23fb7f-2e:not( .kt-accodion-icon-style-basic ):not( .kt-accodion-icon-style-xclose ):not( .kt-accodion-icon-style-arrow ) .kt-blocks-accordion-header.kt-accordion-panel-active .kt-blocks-accordion-icon-trigger{background:#ffffff;}.kt-accordion-id9915_23fb7f-2e:not( .kt-accodion-icon-style-basic ):not( .kt-accodion-icon-style-xclose ):not( .kt-accodion-icon-style-arrow ) .kt-blocks-accordion-header.kt-accordion-panel-active .kt-blocks-accordion-icon-trigger:after, .kt-accordion-id9915_23fb7f-2e:not( .kt-accodion-icon-style-basic ):not( .kt-accodion-icon-style-xclose ):not( .kt-accodion-icon-style-arrow ) .kt-blocks-accordion-header.kt-accordion-panel-active .kt-blocks-accordion-icon-trigger:before{background:#d50032;}@media all and (max-width: 1024px){.kt-accordion-id9915_23fb7f-2e .kt-accordion-panel-inner{border-top:0px solid transparent;border-right:0px solid transparent;border-bottom:0px solid transparent;border-left:0px solid transparent;}}@media all and (max-width: 1024px){.kt-accordion-id9915_23fb7f-2e > .kt-accordion-inner-wrap > .wp-block-kadence-pane > .kt-accordion-header-wrap > .kt-blocks-accordion-header{border-top:0px solid #f2f2f2;border-right:0px solid #f2f2f2;border-bottom:0px solid #f2f2f2;border-left:0px solid #f2f2f2;}}@media all and (max-width: 1024px){.kt-accordion-id9915_23fb7f-2e > .kt-accordion-inner-wrap > .wp-block-kadence-pane > .kt-accordion-header-wrap > .kt-blocks-accordion-header:hover, \n\t\t\t\tbody:not(.hide-focus-outline) .kt-accordion-id9915_23fb7f-2e .kt-blocks-accordion-header:focus-visible{border-top-color:#eeeeee;border-top-style:solid;border-right-color:#eeeeee;border-right-style:solid;border-bottom-color:#eeeeee;border-bottom-style:solid;border-left-color:#eeeeee;border-left-style:solid;}}@media all and (max-width: 1024px){.kt-accordion-id9915_23fb7f-2e .kt-accordion-header-wrap .kt-blocks-accordion-header:focus-visible,\n\t\t\t\t.kt-accordion-id9915_23fb7f-2e > .kt-accordion-inner-wrap > .wp-block-kadence-pane > .kt-accordion-header-wrap > .kt-blocks-accordion-header.kt-accordion-panel-active{border-top-color:#BE530B;border-top-style:solid;border-right-color:#BE530B;border-right-style:solid;border-bottom-color:#BE530B;border-bottom-style:solid;border-left-color:#BE530B;border-left-style:solid;}}@media all and (max-width: 767px){.kt-accordion-id9915_23fb7f-2e .kt-accordion-inner-wrap{display:block;}.kt-accordion-id9915_23fb7f-2e .kt-accordion-inner-wrap .kt-accordion-pane:not(:first-child){margin-top:10px;}.kt-accordion-id9915_23fb7f-2e .kt-accordion-panel-inner{border-top:0px solid transparent;border-right:0px solid transparent;border-bottom:0px solid transparent;border-left:0px solid transparent;}.kt-accordion-id9915_23fb7f-2e > .kt-accordion-inner-wrap > .wp-block-kadence-pane > .kt-accordion-header-wrap > .kt-blocks-accordion-header{border-top:0px solid #f2f2f2;border-right:0px solid #f2f2f2;border-bottom:0px solid #f2f2f2;border-left:0px solid #f2f2f2;}.kt-accordion-id9915_23fb7f-2e > .kt-accordion-inner-wrap > .wp-block-kadence-pane > .kt-accordion-header-wrap > .kt-blocks-accordion-header:hover, \n\t\t\t\tbody:not(.hide-focus-outline) .kt-accordion-id9915_23fb7f-2e .kt-blocks-accordion-header:focus-visible{border-top-color:#eeeeee;border-top-style:solid;border-right-color:#eeeeee;border-right-style:solid;border-bottom-color:#eeeeee;border-bottom-style:solid;border-left-color:#eeeeee;border-left-style:solid;}.kt-accordion-id9915_23fb7f-2e .kt-accordion-header-wrap .kt-blocks-accordion-header:focus-visible,\n\t\t\t\t.kt-accordion-id9915_23fb7f-2e > .kt-accordion-inner-wrap > .wp-block-kadence-pane > .kt-accordion-header-wrap > .kt-blocks-accordion-header.kt-accordion-panel-active{border-top-color:#BE530B;border-top-style:solid;border-right-color:#BE530B;border-right-style:solid;border-bottom-color:#BE530B;border-bottom-style:solid;border-left-color:#BE530B;border-left-style:solid;}}<\/style>\n<div class=\"wp-block-kadence-accordion alignnone\"><div class=\"kt-accordion-wrap kt-accordion-id9915_23fb7f-2e kt-accordion-has-2-panes kt-active-pane-0 kt-accordion-block kt-pane-header-alignment-left kt-accodion-icon-style-basic kt-accodion-icon-side-right\" style=\"max-width:none\"><div class=\"kt-accordion-inner-wrap\" data-allow-multiple-open=\"false\" data-start-open=\"none\">\n<div class=\"wp-block-kadence-pane kt-accordion-pane kt-accordion-pane-1 kt-pane9915_c19905-93\"><div class=\"kt-accordion-header-wrap\"><button class=\"kt-blocks-accordion-header kt-acccordion-button-label-show\"><span class=\"kt-blocks-accordion-title-wrap\"><span class=\"kt-blocks-accordion-title\"><strong>liste des sites illumin\u00e9s en rouge pour la Journ\u00e9e mondiale de la lutte contre laTB<\/strong><\/span><\/span><span class=\"kt-blocks-accordion-icon-trigger\"><\/span><\/button><\/div><div class=\"kt-accordion-panel kt-accordion-panel-hidden\"><div class=\"kt-accordion-panel-inner\">\n<p>Plus de 30 b\u00e9n\u00e9voles et leaders ont contribu\u00e9 au succ\u00e8s de la campagne d'illumination en rouge des monuments et sites dans tout le pays.<\/p>\n\n\n\n<p><strong>ALBERTA<\/strong><br>Edmonton : Le pont High Level<br>Calgary : Plaza olympique, Fort Calgary, Tour de Calgary<\/p>\n\n\n\n<p><strong>COLOMBIE-BRITANNIQUE<\/strong>&nbsp;<br>New Westminster : L'h\u00f4tel de ville<br>Trail : Le pont de la rue Victoria<br>Vancouver : BC Place, Canada Place, Science World, Bloedel Conservatory, Pacific Coliseum&nbsp;<br>Victoria : B\u00e2timent du District r\u00e9gional de la Capitale, Assembl\u00e9e l\u00e9gislative de la Colombie-Britannique<\/p>\n\n\n\n<p><strong>MANITOBA<\/strong>&nbsp;<br>Morden : Signe de bienvenue&nbsp;<br>Selkirk : Ch\u00e2teau d'eau&nbsp;<br>Winnipeg : Salle Alloway au Mus\u00e9e du Manitoba, Signe Winnipeg, Pont Esplanade, Convention Centre<\/p>\n\n\n\n<p><strong>NOUVEAU-BRUNSWICK&nbsp;<\/strong>&nbsp;<br>Moncton : Centre Avenir, Rue Downing, Place du centre-ville<\/p>\n\n\n\n<p><strong>NOUVELLE-\u00c9COSSE<\/strong>&nbsp;<br>Halifax : H\u00f4tel de ville&nbsp;<\/p>\n\n\n\n<p><strong>ONTARIO<\/strong><br>Belleville : Signe Belleville<br>Burlington : Quai de Burlington<br>Guelph : Place du march\u00e9 de Guelph, l'h\u00f4tel de ville de Guelph<br>Hamilton : Signe Hamilton, H\u00f4tel de ville<br>Kingston : H\u00f4tel de ville de Kingston, Springer Market Square<br>Kitchener : Carl Zehr Square, H\u00f4tel de ville<br>London : Sifton Properties, Canada Life Building, l'\u00e9difice RBC Place<br>Mississauga : La Tour de l\u2019horloge du centre civique<br>Newmarket : Le Pont Fred A. Lundy<br>Niagara Falls : le Pont Peace \u00e0 Fort Erie<br>Ottawa : Signe Ottawa, Centre Shaw, Pavillon Aberdeen et les lumi\u00e8res du parc au Parc Lansdowne<br>Toronto : Signe Toronto \u00e0 Nathan Phillips Square, Tour CN <br>Vaughan : L'h\u00f4tel de ville<\/p>\n\n\n\n<p><strong>\u00ceLE-DU-PRINCE-\u00c9DOUARD<\/strong><br>Charlottetown : H\u00f4tel de ville<\/p>\n\n\n\n<p><strong>QU\u00c9BEC<\/strong><br>Montr\u00e9al : La Tour du Stade Olympique <\/p>\n<\/div><\/div><\/div>\n<\/div><\/div><\/div>\n\n\n\n<p><\/p>\n\n\n<style>.kb-image9915_e06c3d-c4 .kb-image-has-overlay:after{opacity:0.3;}<\/style>\n<div class=\"wp-block-kadence-image kb-image9915_e06c3d-c4\"><figure class=\"alignright size-medium\"><img loading=\"lazy\" decoding=\"async\" width=\"240\" height=\"300\" src=\"https:\/\/cdn.resultscanada.ca\/wp-content\/uploads\/GJjTK3hWcAE18fH-240x300.jpg\" alt=\"Four people holding signs about stopping TB in front of the Calgary Tower that is lit up in red.\" class=\"kb-img wp-image-9942\" srcset=\"https:\/\/cdn.resultscanada.ca\/wp-content\/uploads\/GJjTK3hWcAE18fH-240x300.jpg 240w, https:\/\/cdn.resultscanada.ca\/wp-content\/uploads\/GJjTK3hWcAE18fH-819x1024.jpg 819w, https:\/\/cdn.resultscanada.ca\/wp-content\/uploads\/GJjTK3hWcAE18fH-768x960.jpg 768w, https:\/\/cdn.resultscanada.ca\/wp-content\/uploads\/GJjTK3hWcAE18fH-10x12.jpg 10w, https:\/\/cdn.resultscanada.ca\/wp-content\/uploads\/GJjTK3hWcAE18fH.jpg 1080w\" sizes=\"auto, (max-width: 240px) 100vw, 240px\" \/><figcaption><em>Des membres du groupe R\u00e9sultats Calgary \u00e0 la tour de Calgary illumin\u00e9e en rouge pour la Journ\u00e9e mondiale de la lutte contre la TB.<\/em><\/figcaption><\/figure><\/div>\n\n\n\n<p class=\"has-text-color has-link-color wp-elements-e96fdd309a8d3769aecd8aadb9ef9426\" style=\"color:#29b5cf\"><strong>pleins feux sur les b\u00e9n\u00e9voles \u00e0 Calgary<\/strong><\/p>\n\n\n\n<p>Le 24 mars, le groupe R\u00e9sultats Calgary a organis\u00e9 une r\u00e9union d'information et une rencontre sociale pour comm\u00e9morer la journ\u00e9e. Le groupe a accueilli deux professionnels de la sant\u00e9 pour enrichir la discussion sur la TB. Les participant.e.s ont pass\u00e9 \u00e0 l'action ensemble : iels ont \u00e9crit des lettres au r\u00e9dacteur en chef et des lettres aux membres du Parlement \u00e0 Calgary et \u00e0 travers le Canada, plaidant pour une plus grande attention \u00e0 l'\u00e9limination de la TB et \u00e0 d'autres aspects de l'extr\u00eame pauvret\u00e9.<\/p>\n\n\n\n<p class=\"has-text-color has-link-color wp-elements-b004010e668bd26b96ce833b90f6b4d9\" style=\"color:#29b5cf\"><strong>Les b\u00e9n\u00e9voles font entendre leur voix <\/strong><\/p>\n\n\n\n<p>Plusieurs b\u00e9n\u00e9voles ont utilis\u00e9 leur voix sur les m\u00e9dias sociaux pour sensibiliser le public \u00e0 la TB. En voici quelques exemples : <a href=\"https:\/\/twitter.com\/mavenm\/status\/1772395747402469452?s=20\" data-type=\"link\" data-id=\"https:\/\/twitter.com\/mavenm\/status\/1772395747402469452?s=20\" target=\"_blank\" rel=\"noreferrer noopener\">Anita Mark<\/a>, <a href=\"https:\/\/www.linkedin.com\/posts\/activity-7177870241010454528-5-Zd?utm_source=share&amp;utm_medium=member_desktop\" data-type=\"link\" data-id=\"https:\/\/www.linkedin.com\/posts\/activity-7177870241010454528-5-Zd\/?utm_source=share&amp;utm_medium=member_desktop\" target=\"_blank\" rel=\"noreferrer noopener\">Can Atacan<\/a>, <a href=\"https:\/\/www.linkedin.com\/posts\/chloe-champion-1a2789223_worldtbday-reacheverychild-endtb-activity-7177818078028668928-JAgi?utm_source=share&amp;utm_medium=member_desktop\" data-type=\"link\" data-id=\"https:\/\/www.linkedin.com\/posts\/chloe-champion-1a2789223_worldtbday-reacheverychild-endtb-activity-7177818078028668928-JAgi?utm_source=share&amp;utm_medium=member_desktop\" target=\"_blank\" rel=\"noreferrer noopener\">Chloe Champion<\/a>, <a href=\"https:\/\/www.linkedin.com\/posts\/landon-sanderson-46b754295_worldtuberculosisday-endtuberculosis-activity-7177843202945691648-B9C2?utm_source=share&amp;utm_medium=member_desktop\" data-type=\"link\" data-id=\"https:\/\/www.linkedin.com\/posts\/landon-sanderson-46b754295_worldtuberculosisday-endtuberculosis-activity-7177843202945691648-B9C2?utm_source=share&amp;utm_medium=member_desktop\" target=\"_blank\" rel=\"noreferrer noopener\">Riyam et Landon<\/a>, et <a href=\"https:\/\/www.linkedin.com\/posts\/qjiel-giuliano-mikhl-mariano-4a452726a_worldtuberculosisday-stoptb-endtb-activity-7177854590296436737-YPu4?utm_source=share&amp;utm_medium=member_desktop\" data-type=\"link\" data-id=\"https:\/\/www.linkedin.com\/posts\/qjiel-giuliano-mikhl-mariano-4a452726a_worldtuberculosisday-stoptb-endtb-activity-7177854590296436737-YPu4?utm_source=share&amp;utm_medium=member_desktop\" target=\"_blank\" rel=\"noreferrer noopener\">Qjiel<\/a>.<\/p>\n\n\n\n<p>De nombreux autres b\u00e9n\u00e9voles et leaders ont \u00e9t\u00e9 cit\u00e9.e.s dans les m\u00e9dias. Lisez quelques-uns de leurs \u00e9tonnants LTE :<\/p>\n\n\n\n<ul class=\"wp-block-list\">\n<li><a href=\"https:\/\/www.pentictonherald.ca\/opinion\/article_55628c44-e6f0-11ee-b1e6-b3b34f526472.html\">Advocate for children\u2019s health<\/a> par Manroop Minas<\/li>\n\n\n\n<li><a href=\"https:\/\/lecourrier.com\/lettre-ouverte\/2024\/03\/15\/journee-mondiale-de-la-tuberculose-la-tour-cn-sera-illuminee-en-rouge\/\">Journ\u00e9e mondiale de la tuberculose : la Tour CN sera illumin\u00e9e en rouge<\/a> par Adil Mukhi<\/li>\n\n\n\n<li><a href=\"https:\/\/edmontonsun.com\/opinion\/letters\/letters-march-13-higher-salaries-should-mean-fewer-positions-for-city-workers\">Fight TB<\/a> par Sydney Peskett<\/li>\n\n\n\n<li><a href=\"https:\/\/www.bradfordtoday.ca\/letters-to-the-editor\/letter-breaking-the-silence-our-fight-against-tuberculosis-8398694\">Breaking the Silence: Our Fight Against Tuberculosis<\/a> par Sania Saiman<\/li>\n\n\n\n<li><a href=\"https:\/\/www.pentictonherald.ca\/news\/article_240b104e-1a9b-11e8-9927-33e114abd4d3.html\">Something good from India trip<\/a> par Randy Rudolph<\/li>\n\n\n\n<li><a href=\"https:\/\/www.hilltimes.com\/story\/2024\/03\/13\/more-effort-needed-to-end-tb-among-children\/414341\/\">More efforts needed to end TB among children<\/a> par Peace Mukazi<\/li>\n\n\n\n<li><a href=\"https:\/\/www.thestar.com\/opinion\/letters-to-the-editor\/we-don-t-need-highway-413-fourplexes-or-radiation-in-our-homes\/article_5acb8dae-e874-11ee-ab6b-5fc79f8211d3.html\">Fund tuberculosis research<\/a> par Leigh Raithby<\/li>\n<\/ul>\n\n\n\n<p>Le personnel de R\u00e9sultats a \u00e9t\u00e9 impressionn\u00e9 par le d\u00e9vouement dont ont fait preuve les b\u00e9n\u00e9voles et les leaders \u00e0 l'occasion de la Journ\u00e9e mondiale de la lutte contre la TB !  \u00c0 nos b\u00e9n\u00e9voles \u2013 vos actions ont eu un tel impact.<\/p>\n\n\n\n<h2 class=\"wp-block-heading has-text-color has-link-color wp-elements-ac87bd9731356422def87991e1e9c220\" style=\"color:#d50032\">Peter Sands visite Ottawa pour parler de la TB<\/h2>\n\n\n\n<p>R\u00e9sultats Canada a eu l'honneur d'appuyer la visite du directeur ex\u00e9cutif du <a href=\"https:\/\/www.theglobalfund.org\/fr\/\">Le Fonds mondial de lutte contre le sida, la tuberculose et le paludisme<\/a>, Peter Sands, pendant 24 heures \u00e0 Ottawa. Le Fonds mondial joue un r\u00f4le crucial dans la lutte contre la tuberculose, puisqu'il fournit<strong> 76%<\/strong> de l'ensemble du financement international de la lutte contre la tuberculose.<\/p>\n\n\n\n<p>M. Sands s'est non seulement exprim\u00e9 lors de la r\u00e9ception parlementaire organis\u00e9e \u00e0 l'occasion de la Journ\u00e9e mondiale de la lutte contre la TB et devant le Caucus de la coop\u00e9ration mondiale, comme vous le verrez ci-dessous, mais il a \u00e9galement rejoint les repr\u00e9sentant.e.s d'Affaires mondiales Canada lors d'une table ronde de la soci\u00e9t\u00e9 civile que nous avons co-organis\u00e9e. M. Sands y a discut\u00e9 de l'importance d'un engagement efficace avec la soci\u00e9t\u00e9 civile dans la lutte contre la TB et d'autres maladies infectieuses. Plusieurs organisations et d\u00e9fenseurs.euses des droits de la personne \u00e9taient pr\u00e9sent.e.s et ont particip\u00e9 \u00e0 une discussion constructive sur la voie \u00e0 suivre.<\/p>\n\n\n<style>.kb-image9915_571166-e8 .kb-image-has-overlay:after{opacity:0.3;}<\/style>\n<div class=\"wp-block-kadence-image kb-image9915_571166-e8\"><figure class=\"aligncenter size-medium_large\"><img decoding=\"async\" src=\"https:\/\/cdn.resultscanada.ca\/wp-content\/uploads\/IMG_3145-scaled-e1711550782842-768x392.jpg\" alt=\"Peter Sands presenting at the civil society roundtable.\" class=\"kb-img wp-image-9960\"\/><figcaption><em>Peter Sands \u00e0 la table ronde des organisations de la soci\u00e9t\u00e9 civile le 19 mars 2024.<\/em><\/figcaption><\/figure><\/div>\n\n\n\n<h2 class=\"wp-block-heading has-text-color has-link-color wp-elements-b43cdb4cd77f2e90aba57f014ef09235\" style=\"color:#d50032\">engager les parlementaires dans le parcours vers l'\u00e9radication de la TB<\/h2>\n\n\n\n<p class=\"has-text-color has-link-color wp-elements-7f3bb4f106c31862124ae2f64d4938ac\" style=\"color:#29b5cf\"><strong>Caucus de la coop\u00e9ration mondiale<\/strong><\/p>\n\n\n<style>.kb-image9915_27a53a-45 .kb-image-has-overlay:after{opacity:0.3;}<\/style>\n<div class=\"wp-block-kadence-image kb-image9915_27a53a-45\"><figure class=\"aligncenter size-medium_large\"><img loading=\"lazy\" decoding=\"async\" width=\"768\" height=\"388\" src=\"https:\/\/cdn.resultscanada.ca\/wp-content\/uploads\/IMG_3134-scaled-e1711550532679-768x388.jpg\" alt=\"MPs from the Global Cooperation Caucus with Peter Sands.\" class=\"kb-img wp-image-9959\" srcset=\"https:\/\/cdn.resultscanada.ca\/wp-content\/uploads\/IMG_3134-scaled-e1711550532679-768x388.jpg 768w, https:\/\/cdn.resultscanada.ca\/wp-content\/uploads\/IMG_3134-scaled-e1711550532679-300x152.jpg 300w, https:\/\/cdn.resultscanada.ca\/wp-content\/uploads\/IMG_3134-scaled-e1711550532679-1024x517.jpg 1024w, https:\/\/cdn.resultscanada.ca\/wp-content\/uploads\/IMG_3134-scaled-e1711550532679-1536x776.jpg 1536w, https:\/\/cdn.resultscanada.ca\/wp-content\/uploads\/IMG_3134-scaled-e1711550532679-2048x1035.jpg 2048w, https:\/\/cdn.resultscanada.ca\/wp-content\/uploads\/IMG_3134-scaled-e1711550532679-18x9.jpg 18w, https:\/\/cdn.resultscanada.ca\/wp-content\/uploads\/IMG_3134-scaled-e1711550532679.jpg 2060w\" sizes=\"auto, (max-width: 768px) 100vw, 768px\" \/><figcaption><em>Quelques-un.e.s des participant.e.s au Caucus de la coop\u00e9ration mondiale du 19 mars 2024, rencontrant le directeur ex\u00e9cutif du Fonds mondial, Peter Sands. De gauche \u00e0 droite : d\u00e9put\u00e9 Richard Cannings, d\u00e9put\u00e9 St\u00e9phane Bergeron, Peter Sands, d\u00e9put\u00e9e Andr\u00e9anne Larouche, d\u00e9put\u00e9e Arielle Kayabaga, d\u00e9put\u00e9 Dave Epp et d\u00e9put\u00e9 Mike Morrice.<\/em><\/figcaption><\/figure><\/div>\n\n\n\n<p>Le <a href=\"https:\/\/resultscanada.ca\/fr\/launch-of-the-global-cooperation-caucus-gcc\/\">Caucus sur la coop\u00e9ration mondiale<\/a> \u2013 une initiative multipartite et non partisane compos\u00e9e de d\u00e9put\u00e9.e.s et de s\u00e9nateurs.rices et soutenue par R\u00e9sultats Canada et ONE - s'est r\u00e9uni le 19 mars pour discuter de la TB et d'autres maladies infectieuses qui ont un impact sur les efforts d\u00e9ploy\u00e9s pour mettre fin \u00e0 l'extr\u00eame pauvret\u00e9. Le directeur ex\u00e9cutif du Fonds mondial, Peter Sands, s'est joint au caucus pour discuter du r\u00f4le du Fonds et des contributions du Canada.<\/p>\n\n\n\n<p class=\"has-text-color has-link-color wp-elements-1f5bc0f58f50c99d29383b7c2d481e8f\" style=\"color:#29b5cf\"><strong>R\u00e9ception parlementaire<\/strong><\/p>\n\n\n<style>.kb-image9915_79ccac-28 .kb-image-has-overlay:after{opacity:0.3;}<\/style>\n<div class=\"wp-block-kadence-image kb-image9915_79ccac-28\"><figure class=\"aligncenter size-medium_large\"><img loading=\"lazy\" decoding=\"async\" width=\"768\" height=\"452\" src=\"https:\/\/cdn.resultscanada.ca\/wp-content\/uploads\/IMG_3063-scaled-e1711485728519-768x452.jpg\" alt=\"Group shot of MPs, Peter Sands, and Chris Dendys with a Stop TB sign\" class=\"kb-img wp-image-9943\" srcset=\"https:\/\/cdn.resultscanada.ca\/wp-content\/uploads\/IMG_3063-scaled-e1711485728519-768x452.jpg 768w, https:\/\/cdn.resultscanada.ca\/wp-content\/uploads\/IMG_3063-scaled-e1711485728519-300x176.jpg 300w, https:\/\/cdn.resultscanada.ca\/wp-content\/uploads\/IMG_3063-scaled-e1711485728519-1024x602.jpg 1024w, https:\/\/cdn.resultscanada.ca\/wp-content\/uploads\/IMG_3063-scaled-e1711485728519-1536x904.jpg 1536w, https:\/\/cdn.resultscanada.ca\/wp-content\/uploads\/IMG_3063-scaled-e1711485728519-2048x1205.jpg 2048w, https:\/\/cdn.resultscanada.ca\/wp-content\/uploads\/IMG_3063-scaled-e1711485728519-18x12.jpg 18w, https:\/\/cdn.resultscanada.ca\/wp-content\/uploads\/IMG_3063-scaled-e1711485728519.jpg 2414w\" sizes=\"auto, (max-width: 768px) 100vw, 768px\" \/><figcaption><em>D\u00e9put\u00e9.e.s et intervenant.e.s lors de la r\u00e9ception parlementaire du 19 mars 2024, \u00e0 l'occasion de la Journ\u00e9e mondiale de la lutte contre la TB. De gauche \u00e0 droite : d\u00e9put\u00e9e Bonita Zarillo, Peter Sands, d\u00e9put\u00e9e Valerie Bradford, d\u00e9put\u00e9 Ziad Aboultaif, Margaret Kisikaw Piyesis et Chris Dendys, directeur g\u00e9n\u00e9ral de R\u00e9sultats Canada.<\/em><\/figcaption><\/figure><\/div>\n\n\n\n<p>Le 19 mars, le personnel, les b\u00e9n\u00e9voles et les partenaires de R\u00e9sultats Canada ont rencontr\u00e9 des parlementaires de tous les partis pour c\u00e9l\u00e9brer les efforts du Canada en vue de l'\u00e9limination de la TB et pour discuter des mesures \u00e0 prendre pour atteindre cet objectif. Nous tenons \u00e0 remercier les d\u00e9put\u00e9.e.s <strong>Ziad Aboultaif<\/strong>, <strong>Valerie Bradford<\/strong>, <strong>Bonita Zarillo<\/strong>, et s\u00e9natrice <strong>Rosemary Moodie<\/strong> d'avoir parrain\u00e9 l'\u00e9v\u00e9nement et d'avoir soulign\u00e9 le besoin urgent pour le Canada de s'attaquer \u00e0 la crise de la TB au pays et \u00e0 l'\u00e9tranger. L'\u00e9v\u00e9nement a mis en \u00e9vidence le fait que l'\u00e9radication de la TB est une question non partisane, que tout le monde devrait soutenir.<\/p>\n\n\n\n<p>L'\u00e9v\u00e9nement a accueilli de nombreux intervenant.e.s de renom, qui ont insist\u00e9 sur le fait que la TB n'importe o\u00f9 est la TB partout et que si nous voulons mettre fin \u00e0 cette maladie, nous devons nous attaquer \u00e0 ses causes profondes, tant au Canada que dans le reste du monde. Iels comprenaient notamment : <strong>Peter Sands<\/strong>, directeur ex\u00e9cutif du <a href=\"https:\/\/www.theglobalfund.org\/fr\/\">Le directeur ex\u00e9cutif du Fonds mondial<\/a>; <strong>Margaret Kisikaw Piyesis<\/strong>, pr\u00e9sidente de <a href=\"https:\/\/www.caan.ca\/\">CAAN<\/a>; et <strong>Dr. Uzma Khan<\/strong>, chercheuse et survivante de la TB.<\/p>\n\n\n<style>.wp-block-kadence-advancedgallery .kb-gallery-type-masonry.kb-gallery-id-9915_2623d2-b0{margin:-5px;}.kb-gallery-type-masonry.kb-gallery-id-9915_2623d2-b0 .kadence-blocks-gallery-item{padding:5px;}.kb-gallery-id-9915_2623d2-b0 .kadence-blocks-gallery-item .kb-gal-image-radius, .kb-gallery-id-9915_2623d2-b0 .kb-slide-item .kb-gal-image-radius img{border-radius:0px 0px 0px 0px;;}<\/style><div class=\"kb-gallery-wrap-id-9915_2623d2-b0 alignnone wp-block-kadence-advancedgallery\"><ul class=\"kb-gallery-ul kb-gallery-non-static kb-gallery-type-masonry kb-masonry-init kb-gallery-id-9915_2623d2-b0 kb-gallery-caption-style-bottom-hover kb-gallery-filter-none\" data-image-filter=\"none\" data-item-selector=\".kadence-blocks-gallery-item\" data-lightbox-caption=\"true\" data-columns-xxl=\"3\" data-columns-xl=\"3\" data-columns-md=\"3\" data-columns-sm=\"2\" data-columns-xs=\"1\" data-columns-ss=\"1\"><li class=\"kadence-blocks-gallery-item\"><div class=\"kadence-blocks-gallery-item-inner\"><figure class=\"kb-gallery-figure kb-gallery-item-has-link kadence-blocks-gallery-item-hide-caption\"><a href=\"https:\/\/cdn.resultscanada.ca\/wp-content\/uploads\/Peter-Sands-FR.png\" class=\"kb-gallery-item-link\"  ><div class=\"kb-gal-image-radius\" style=\"max-width:1024px;\"><div class=\"kb-gallery-image-contain kadence-blocks-gallery-intrinsic\" style=\"padding-bottom:75%;\"><img loading=\"lazy\" decoding=\"async\" src=\"https:\/\/cdn.resultscanada.ca\/wp-content\/uploads\/Peter-Sands-FR.png\" width=\"1024\" height=\"768\" alt=\"Peter Sands au podium \u00e0 la r\u00e9ception parlementaire pour le Journ\u00e9e mondiale de la lutte contre la TB avec la citation &quot;Fondamentalement, il s&#039;agit d&#039;une pand\u00e9mie des pauvres.&quot;\" data-full-image=\"https:\/\/cdn.resultscanada.ca\/wp-content\/uploads\/Peter_WTBD-2024-Reception.png\" data-light-image=\"https:\/\/cdn.resultscanada.ca\/wp-content\/uploads\/Peter_WTBD-2024-Reception.png\" data-id=\"9932\" class=\"wp-image-9932\" srcset=\"\" sizes=\"auto, (max-width: 1024px) 100vw, 1024px\" data-srcset=\"\" \/><\/div><\/div><\/a><\/figure><\/div><\/li><li class=\"kadence-blocks-gallery-item\"><div class=\"kadence-blocks-gallery-item-inner\"><figure class=\"kb-gallery-figure kb-gallery-item-has-link kadence-blocks-gallery-item-hide-caption\"><a href=\"https:\/\/cdn.resultscanada.ca\/wp-content\/uploads\/Margaret-FR.png\" class=\"kb-gallery-item-link\"  ><div class=\"kb-gal-image-radius\" style=\"max-width:1024px;\"><div class=\"kb-gallery-image-contain kadence-blocks-gallery-intrinsic\" style=\"padding-bottom:75%;\"><img loading=\"lazy\" decoding=\"async\" src=\"https:\/\/cdn.resultscanada.ca\/wp-content\/uploads\/Margaret-FR.png\" width=\"1024\" height=\"768\" alt=\"Margaret Kisikaw Piyesis au podium \u00e0 la r\u00e9ception parlementaire pour le Journ\u00e9e mondiale de la lutte contre la TB avec la citation &quot;Nous devons travailler au sein de la communaut\u00e9 pour faire na\u00eetre des solutions... ces solutions viennent de la terre.&quot;\" data-full-image=\"https:\/\/cdn.resultscanada.ca\/wp-content\/uploads\/Margaret_WTBD-2024-Reception.png\" data-light-image=\"https:\/\/cdn.resultscanada.ca\/wp-content\/uploads\/Margaret_WTBD-2024-Reception.png\" data-id=\"9931\" class=\"wp-image-9931\" srcset=\"\" sizes=\"auto, (max-width: 1024px) 100vw, 1024px\" data-srcset=\"\" \/><\/div><\/div><\/a><\/figure><\/div><\/li><li class=\"kadence-blocks-gallery-item\"><div class=\"kadence-blocks-gallery-item-inner\"><figure class=\"kb-gallery-figure kb-gallery-item-has-link kadence-blocks-gallery-item-hide-caption\"><a href=\"https:\/\/cdn.resultscanada.ca\/wp-content\/uploads\/Uzma-FR.png\" class=\"kb-gallery-item-link\"  ><div class=\"kb-gal-image-radius\" style=\"max-width:1024px;\"><div class=\"kb-gallery-image-contain kadence-blocks-gallery-intrinsic\" style=\"padding-bottom:75%;\"><img loading=\"lazy\" decoding=\"async\" src=\"https:\/\/cdn.resultscanada.ca\/wp-content\/uploads\/Uzma-FR.png\" width=\"1024\" height=\"768\" alt=\"Dr. Uzma Khan au podium \u00e0 la r\u00e9ception parlementaire pour le Journ\u00e9e mondiale de la lutte contre la TB avec la citation &quot;La TB est un probl\u00e8me li\u00e9 \u00e0 de nombreux facteurs soci\u00e9taux.&quot;\" data-full-image=\"https:\/\/cdn.resultscanada.ca\/wp-content\/uploads\/Uzma_WTBD-2024-Reception.png\" data-light-image=\"https:\/\/cdn.resultscanada.ca\/wp-content\/uploads\/Uzma_WTBD-2024-Reception.png\" data-id=\"9933\" class=\"wp-image-9933\" srcset=\"\" sizes=\"auto, (max-width: 1024px) 100vw, 1024px\" data-srcset=\"\" \/><\/div><\/div><\/a><\/figure><\/div><\/li><\/ul><\/div>\n\n\n<p><\/p>\n\n\n\n<p>Nous aimerions \u00e9galement remercier nos partenaires qui se sont joints \u00e0 nous pour la r\u00e9ception parlementaire, y compris <a href=\"https:\/\/www.stoptbcanada.com\/\">Stop TB Canada<\/a>, <a href=\"https:\/\/www.stoptbcanada.com\/tbpeoplecanada\">TBPeople Canada<\/a>, <a href=\"https:\/\/www.finddx.org\/\">FIND<\/a>, et le<a href=\"https:\/\/www.theglobalfund.org\/fr\/\"> Le directeur ex\u00e9cutif du Fonds mondial<\/a>Nous sommes reconnaissant.e.s de travailler avec des partenaires puissants au Canada et dans le monde entier pour r\u00e9aliser notre vision commune d'un monde sans TB. Merci aux b\u00e9n\u00e9voles et aux leaders de R\u00e9sultats qui ont gracieusement donn\u00e9 de leur temps pour parler aux parlementaires de l'importance de l'\u00e9radication de la TB.<\/p>\n\n\n\n<p class=\"has-text-color has-link-color wp-elements-25d0ebbf8a379133e354e7d8366750b5\" style=\"color:#29b5cf\"><strong>La question de la TB abord\u00e9e \u00e0 la Chambre des communes et au S\u00e9nat<\/strong><\/p>\n\n\n\n<p>\u00c0 l'approche de la Journ\u00e9e mondiale de la lutte contre la TB, les championnes parlementaires <strong>S\u00e9natrice Rosemary Moodie<\/strong> et <strong>D\u00e9put\u00e9e Valerie Bradford<\/strong> ont fait entendre leur voix \u00e0 la Chambre des communes et au S\u00e9nat pour appeler \u00e0 mettre fin \u00e0 l'\u00e9pid\u00e9mie de tuberculose.<\/p>\n\n\n\n<div class=\"wp-block-columns is-layout-flex wp-container-core-columns-is-layout-9d6595d7 wp-block-columns-is-layout-flex\">\n<div class=\"wp-block-column is-layout-flow wp-block-column-is-layout-flow\">\n<figure class=\"wp-block-embed is-type-video is-provider-youtube wp-block-embed-youtube wp-embed-aspect-16-9 wp-has-aspect-ratio\"><div class=\"wp-block-embed__wrapper\">\n<iframe loading=\"lazy\" title=\"The Honourable Senator Rosemary Moodie for #WorldTBDay 2024\" width=\"500\" height=\"281\" src=\"https:\/\/www.youtube.com\/embed\/fzt-UE-yMaI?feature=oembed\" frameborder=\"0\" allow=\"accelerometer; autoplay; clipboard-write; encrypted-media; gyroscope; picture-in-picture; web-share\" referrerpolicy=\"strict-origin-when-cross-origin\" allowfullscreen><\/iframe>\n<\/div><figcaption class=\"wp-element-caption\"><em>\u00ab Je tiens \u00e0 remercier les d\u00e9fenseurs et d\u00e9fenseuses de base de StopTB Canada, TBPeople Canada et R\u00e9sultats Canada pour leurs efforts infatigables. \u00bb<\/em><\/figcaption><\/figure>\n<\/div>\n\n\n\n<div class=\"wp-block-column is-layout-flow wp-block-column-is-layout-flow\">\n<figure class=\"wp-block-embed is-type-video is-provider-youtube wp-block-embed-youtube wp-embed-aspect-16-9 wp-has-aspect-ratio\"><div class=\"wp-block-embed__wrapper\">\n<iframe loading=\"lazy\" title=\"MP Valerie Bradford 20 March 2024\" width=\"500\" height=\"281\" src=\"https:\/\/www.youtube.com\/embed\/vwTtxS6EbRQ?feature=oembed\" frameborder=\"0\" allow=\"accelerometer; autoplay; clipboard-write; encrypted-media; gyroscope; picture-in-picture; web-share\" referrerpolicy=\"strict-origin-when-cross-origin\" allowfullscreen><\/iframe>\n<\/div><figcaption class=\"wp-element-caption\"><em>\u00ab Il y a plus \u00e0 faire, mais avec des efforts et une volont\u00e9 politique, je crois que, oui, nous pouvons mettre fin \u00e0 la TB. \u00bb<\/em><\/figcaption><\/figure>\n<\/div>\n<\/div>\n\n\n\n<h2 class=\"wp-block-heading has-text-color has-link-color wp-elements-f78df974e4d29d2385f3af7c1d8dd5a8\" style=\"color:#d50032\"><strong>prochaines \u00e9tapes <\/strong><\/h2>\n\n\n\n<p>Tout en c\u00e9l\u00e9brant le succ\u00e8s de cette Journ\u00e9e mondiale de la tuberculose, nous reconnaissons qu'il reste encore beaucoup \u00e0 faire pour mettre fin \u00e0 la TB et garantir <a href=\"https:\/\/resultscanada.ca\/fr\/overview\/health-equity\/\">l\u2019\u00e9quit\u00e9 en mati\u00e8re de sant\u00e9<\/a> tout le monde. Notre plaidoyer est loin d'\u00eatre termin\u00e9. R\u00e9sultats Canada reste d\u00e9termin\u00e9 \u00e0 susciter la volont\u00e9 politique de mettre fin \u00e0 la TB au pays et \u00e0 l'\u00e9tranger.&nbsp;<a href=\"https:\/\/resultscanada.ca\/fr\/join-us\/\">Joignez-vous \u00e0 nous d\u00e8s aujourd'hui<\/a>!<\/p>","protected":false},"excerpt":{"rendered":"<p>Pour comm\u00e9morer la Journ\u00e9e mondiale de la ;lutte contre la TB cette ann\u00e9e, le personnel, les b\u00e9n\u00e9voles et les partenaires de R\u00e9sultats Canada ont travaill\u00e9 fort pour faire briller la lumi\u00e8re rouge sur la tuberculose (TB) - une maladie qui est souvent n\u00e9glig\u00e9e et dont on ne fait pas assez de cas. Chaque ann\u00e9e, notre objectif est de sensibiliser les d\u00e9cideurs.euses et le grand public \u00e0 la TB et d'\u00eatre solidaires avec les millions de personnes touch\u00e9es par la TB.<\/p>","protected":false},"author":18,"featured_media":9979,"comment_status":"closed","ping_status":"open","sticky":false,"template":"","format":"standard","meta":{"_seopress_robots_primary_cat":"none","_seopress_titles_title":"the light of hope and solutions on World TB Day","_seopress_titles_desc":"To commemorate World TB Day this year, Results Canada staff, volunteers, and partners worked hard to shine a bright red light on tuberculosis (TB) \u2013 a disease that is often overlooked and underprioritized.","_seopress_robots_index":"","footnotes":""},"categories":[1],"tags":[70,73,78,87,88,96,188],"class_list":["post-9915","post","type-post","status-publish","format-standard","has-post-thumbnail","hentry","category-news","tag-tuberculosis","tag-results-canada","tag-tb","tag-event","tag-volunteer","tag-advocacy","tag-world-tb-day"],"_links":{"self":[{"href":"https:\/\/resultscanada.ca\/fr\/wp-json\/wp\/v2\/posts\/9915","targetHints":{"allow":["GET"]}}],"collection":[{"href":"https:\/\/resultscanada.ca\/fr\/wp-json\/wp\/v2\/posts"}],"about":[{"href":"https:\/\/resultscanada.ca\/fr\/wp-json\/wp\/v2\/types\/post"}],"author":[{"embeddable":true,"href":"https:\/\/resultscanada.ca\/fr\/wp-json\/wp\/v2\/users\/18"}],"replies":[{"embeddable":true,"href":"https:\/\/resultscanada.ca\/fr\/wp-json\/wp\/v2\/comments?post=9915"}],"version-history":[{"count":5,"href":"https:\/\/resultscanada.ca\/fr\/wp-json\/wp\/v2\/posts\/9915\/revisions"}],"predecessor-version":[{"id":9991,"href":"https:\/\/resultscanada.ca\/fr\/wp-json\/wp\/v2\/posts\/9915\/revisions\/9991"}],"wp:featuredmedia":[{"embeddable":true,"href":"https:\/\/resultscanada.ca\/fr\/wp-json\/wp\/v2\/media\/9979"}],"wp:attachment":[{"href":"https:\/\/resultscanada.ca\/fr\/wp-json\/wp\/v2\/media?parent=9915"}],"wp:term":[{"taxonomy":"category","embeddable":true,"href":"https:\/\/resultscanada.ca\/fr\/wp-json\/wp\/v2\/categories?post=9915"},{"taxonomy":"post_tag","embeddable":true,"href":"https:\/\/resultscanada.ca\/fr\/wp-json\/wp\/v2\/tags?post=9915"}],"curies":[{"name":"wp","href":"https:\/\/api.w.org\/{rel}","templated":true}]}}