{"id":9447,"date":"2024-02-10T11:15:08","date_gmt":"2024-02-10T16:15:08","guid":{"rendered":"https:\/\/resultscanada.ca\/?p=9447"},"modified":"2024-06-05T09:57:31","modified_gmt":"2024-06-05T14:57:31","slug":"register-february-2024-national-call","status":"publish","type":"post","link":"https:\/\/resultscanada.ca\/fr\/register-february-2024-national-call\/","title":{"rendered":"ENREGISTREMENT : appel national de f\u00e9vrier 2024"},"content":{"rendered":"<p><strong>Date : 8 f\u00e9vrier&nbsp;<\/strong><\/p>\n\n\n\n<p><strong>Heure : 19h30 ET\u00a0<\/strong><\/p>\n\n\n\n<p>\u00c9tablir un lien avec votre d\u00e9put\u00e9 peut avoir un impact, mais peut aussi \u00eatre une source d'intimidation.<\/p>\n\n\n\n<p>C'est pourquoi nous sommes tr\u00e8s honor\u00e9.e.s que la d\u00e9put\u00e9e et secr\u00e9taire parlementaire <strong>Anita Vandenbeld<\/strong> se joigne \u00e0 nous pour l'appel national le 8 f\u00e9vrier \u00e0 19h30 ET pour vous montrer comment cr\u00e9er le plus grand impact dans votre engagement avec les parlementaires !<\/p>\n\n\n\n<p>Notre directrice ex\u00e9cutive, <strong>Chris Dendys<\/strong> , sera \u00e9galement pr\u00e9sente pour pr\u00e9senter notre <a href=\"https:\/\/resultscanada.ca\/fr\/strategic-plan-2024-2027\/\" data-type=\"link\" data-id=\"https:\/\/resultscanada.ca\/strategic-plan-2024-2027\/\" target=\"_blank\" rel=\"noreferrer noopener\">plan strat\u00e9gique<\/a> et expliquer comment nous alignons les dominos pour les ann\u00e9es \u00e0 venir !<\/p>\n\n\n\n<p>Il y aura \u00e9galement une annonce sp\u00e9ciale que nous savons que vous allez adorer.<\/p>\n\n\n\n<p>C'est un \u00e9v\u00e9nement \u00e0 ne pas manquer !<\/p>\n\n\n\n<p><a href=\"https:\/\/us02web.zoom.us\/meeting\/register\/tZYsdO2trD0iH9TajjcKtzHO50wsz4YvEQxx#\/registration\" data-type=\"link\" data-id=\"https:\/\/us02web.zoom.us\/meeting\/register\/tZYsdO2trD0iH9TajjcKtzHO50wsz4YvEQxx#\/registration\" target=\"_blank\" rel=\"noreferrer noopener\">Inscrivez-vous d\u00e8s aujourd\u2019hui\u2009!<\/a><\/p>","protected":false},"excerpt":{"rendered":"<p>Session sp\u00e9ciale avec la d\u00e9put\u00e9e et secr\u00e9taire parlementaire Anita Vandenbeld sur le budget 2024 et l'engagement efficace des parlementaires. Nous c\u00e9l\u00e9brons \u00e9galement la publication de notre plan strat\u00e9gique avec notre directrice g\u00e9n\u00e9rale !<\/p>","protected":false},"author":18,"featured_media":10283,"comment_status":"closed","ping_status":"open","sticky":false,"template":"","format":"standard","meta":{"_seopress_robots_primary_cat":"none","_seopress_titles_title":"February 2024 national call","_seopress_titles_desc":"A special session with MP and Parliamentary Secretary Anita Vandenbeld with an insider's view on the 2024 budget and effectively engaging Parliamentarians in your advocacy. We also celebrated the release of our Strategic Plan with our Executive Director!","_seopress_robots_index":"","footnotes":""},"categories":[35],"tags":[73,85,87,88,96],"class_list":["post-9447","post","type-post","status-publish","format-standard","has-post-thumbnail","hentry","category-events","tag-results-canada","tag-national-call","tag-event","tag-volunteer","tag-advocacy"],"_links":{"self":[{"href":"https:\/\/resultscanada.ca\/fr\/wp-json\/wp\/v2\/posts\/9447","targetHints":{"allow":["GET"]}}],"collection":[{"href":"https:\/\/resultscanada.ca\/fr\/wp-json\/wp\/v2\/posts"}],"about":[{"href":"https:\/\/resultscanada.ca\/fr\/wp-json\/wp\/v2\/types\/post"}],"author":[{"embeddable":true,"href":"https:\/\/resultscanada.ca\/fr\/wp-json\/wp\/v2\/users\/18"}],"replies":[{"embeddable":true,"href":"https:\/\/resultscanada.ca\/fr\/wp-json\/wp\/v2\/comments?post=9447"}],"version-history":[{"count":5,"href":"https:\/\/resultscanada.ca\/fr\/wp-json\/wp\/v2\/posts\/9447\/revisions"}],"predecessor-version":[{"id":10387,"href":"https:\/\/resultscanada.ca\/fr\/wp-json\/wp\/v2\/posts\/9447\/revisions\/10387"}],"wp:featuredmedia":[{"embeddable":true,"href":"https:\/\/resultscanada.ca\/fr\/wp-json\/wp\/v2\/media\/10283"}],"wp:attachment":[{"href":"https:\/\/resultscanada.ca\/fr\/wp-json\/wp\/v2\/media?parent=9447"}],"wp:term":[{"taxonomy":"category","embeddable":true,"href":"https:\/\/resultscanada.ca\/fr\/wp-json\/wp\/v2\/categories?post=9447"},{"taxonomy":"post_tag","embeddable":true,"href":"https:\/\/resultscanada.ca\/fr\/wp-json\/wp\/v2\/tags?post=9447"}],"curies":[{"name":"wp","href":"https:\/\/api.w.org\/{rel}","templated":true}]}}