{"id":8955,"date":"2023-09-14T15:13:59","date_gmt":"2023-09-14T19:13:59","guid":{"rendered":"https:\/\/resultscanada.ca\/?p=8955"},"modified":"2025-12-26T16:55:45","modified_gmt":"2025-12-26T21:55:45","slug":"g20-wrap-some-progress-some-omissions-fingers-crossed-for-follow-though","status":"publish","type":"post","link":"https:\/\/resultscanada.ca\/fr\/g20-wrap-some-progress-some-omissions-fingers-crossed-for-follow-though\/","title":{"rendered":"Synth\u00e8se du G20 : quelques progr\u00e8s, quelques omissions, on croise les doigts pour le suivi"},"content":{"rendered":"<p>Le 9 septembre<sup>e<\/sup>, le Premier ministre Justin Trudeau s'est joint \u00e0 d'autres leaders mondiaux lors du <a href=\"https:\/\/www.g20.org\/en\/g20-india-2023\/new-delhi-summit\/\" target=\"_blank\" rel=\"noreferrer noopener\">Sommet du G20<\/a> en Inde pour d\u00e9terminer la voie \u00e0 suivre au milieu des d\u00e9fis et des crises en cascade.&nbsp;<\/p>\n\n\n\n<p>Avant le sommet, R\u00e9sultats a plaid\u00e9 pour que le Canada, ainsi que les autres pays du G20, se concentrent sur les besoins des communaut\u00e9s les plus marginalis\u00e9es et s'engagent \u00e0 am\u00e9liorer le syst\u00e8me financier international.  Nous avons \u00e9galement plaid\u00e9 en faveur d'une r\u00e9ponse et d'un r\u00e9tablissement plus \u00e9quitables pour les futures menaces de pand\u00e9mie, en particulier gr\u00e2ce \u00e0 un acc\u00e8s \u00e9largi aux soins de sant\u00e9 primaires. Nous avons formul\u00e9 <a href=\"https:\/\/resultscanada.ca\/fr\/recommendations-for-the-g20-summit-2023\/\" target=\"_blank\" rel=\"noreferrer noopener\">huit recommandations<\/a> pour l'engagement du Canada.&nbsp;&nbsp;&nbsp;&nbsp;&nbsp;&nbsp;<\/p>\n\n\n\n<p>Le 10 septembre<sup>e<\/sup>, une <a href=\"https:\/\/templatelab.com\/g20-leaders-declaration\/\" target=\"_blank\" rel=\"noreferrer noopener\">d\u00e9claration commune des dirigeant.e.s<\/a> a \u00e9t\u00e9 rendue publique, soulignant les engagements pris pour construire un avenir meilleur. Voici notre point de vue sur la d\u00e9claration et les r\u00e9sultats globaux du sommet :\u00a0\u00a0\u00a0<\/p>\n\n\n\n<p><mark style=\"background-color:rgba(0, 0, 0, 0);color:#29b5cf\" class=\"has-inline-color\"><strong>le bon\u00a0<\/strong>\u00a0<\/mark><\/p>\n\n\n\n<p><mark style=\"background-color:rgba(0, 0, 0, 0)\" class=\"has-inline-color has-luminous-vivid-amber-color\">un engagement \u00e0 mettre fin \u00e0 la tuberculose, \u00e0 \u00e9radiquer la polio et \u00e0 renforcer les soins de sant\u00e9 primaires\u00a0<\/mark><\/p>\n\n\n\n<p>R\u00e9sultats a appel\u00e9 les pays du G20 \u00e0 r\u00e9affirmer leur engagement dans la lutte contre la tuberculose, le paludisme, le VIH\/SIDA et la polio et \u00e0 reconna\u00eetre l'importance des soins de sant\u00e9 primaires et du personnel de sant\u00e9 communautaire qui soutiennent cette lutte.&nbsp;&nbsp;<\/p>\n\n\n\n<p>Nous sommes heureux que la d\u00e9claration des dirigeant.e.s du G20 s'engage \u00e0 \u00e9radiquer la polio et \u00e0 mettre fin aux \u00e9pid\u00e9mies en cours comme le VIH\/SIDA, la tuberculose et le paludisme. Ils.Elles se sont \u00e9galement engag\u00e9.e.s \u00e0 renforcer les soins de sant\u00e9 primaires et le personnel de sant\u00e9 et \u00e0 am\u00e9liorer les services de sant\u00e9 essentiels et les syst\u00e8mes de sant\u00e9 pour qu'ils atteignent des niveaux sup\u00e9rieurs \u00e0 ceux d'avant la pand\u00e9mie dans les deux ou trois prochaines ann\u00e9es. Ces engagements devraient \u00eatre suivis d'actions concr\u00e8tes \u00e0 des moments cl\u00e9s de la vie mondiale, comme la prochaine r\u00e9union de haut niveau des Nations unies sur la tuberculose, qui se tiendra le 22 septembre<sup>.<\/sup>. Pour en savoir plus sur ce que vous pouvez faire pour que le Canada prenne les engagements dont nous avons besoin lors de cette r\u00e9union, consultez notre <a href=\"https:\/\/resultscanada.ca\/fr\/campaign\/campaign-2\/\" target=\"_blank\" rel=\"noreferrer noopener\">appel \u00e0 l\u2019action<\/a>.&nbsp;&nbsp;&nbsp;&nbsp;&nbsp;&nbsp;&nbsp;&nbsp;&nbsp;&nbsp;&nbsp;<\/p>\n\n\n\n<p><mark style=\"background-color:rgba(0, 0, 0, 0)\" class=\"has-inline-color has-luminous-vivid-amber-color\">engagement \u00e0 fournir une \u00e9ducation de qualit\u00e9\u00a0\u00a0<\/mark><\/p>\n\n\n\n<p>R\u00e9sultats a attir\u00e9 l'attention sur la crise mondiale de l'apprentissage, en particulier dans le cadre du COVID-19 et des fermetures d'\u00e9coles, qui a laiss\u00e9 des millions d'enfants incapables de lire un texte simple ou de faire des calculs de base \u00e0 l'\u00e2ge de 10 ans.&nbsp;&nbsp;<\/p>\n\n\n\n<p>La d\u00e9claration reconna\u00eet et attire sp\u00e9cifiquement l'attention sur l'importance de l'apprentissage de base, qui comprend la lecture, l'\u00e9criture, le calcul et les comp\u00e9tences socio-\u00e9motionnelles, qui sont les premiers \u00e9l\u00e9ments constitutifs de l'\u00e9ducation et de l'emploi.&nbsp;<\/p>\n\n\n\n<p><mark style=\"background-color:rgba(0, 0, 0, 0)\" class=\"has-inline-color has-luminous-vivid-amber-color\">engagement pour am\u00e9liorer les conditions de travail des femmes\u00a0<\/mark><\/p>\n\n\n\n<p>L'inclusion \u00e9conomique est un pilier essentiel du plaidoyer de R\u00e9sultats pour faire progresser l'\u00e9radication de l'extr\u00eame pauvret\u00e9. Nous sommes heureux de constater que les dirigeants soutiennent l'acc\u00e9l\u00e9ration des solutions \u00e9prouv\u00e9es qui am\u00e9liorent les moyens de subsistance des femmes, notamment par le biais d'interventions group\u00e9es telles que le coaching et l'assistance technique.&nbsp;&nbsp;<\/p>\n\n\n\n<p><mark style=\"background-color:rgba(0, 0, 0, 0);color:#29b5cf\" class=\"has-inline-color\"><strong>qu'est-ce qui manquait ?\u00a0<\/strong>\u00a0<\/mark><\/p>\n\n\n\n<p><mark style=\"background-color:rgba(0, 0, 0, 0)\" class=\"has-inline-color has-luminous-vivid-amber-color\">Des engagements financiers concrets en faveur de la pr\u00e9paration \u00e0 la pand\u00e9mie\u00a0<\/mark><\/p>\n\n\n\n<p>R\u00e9sultats a appel\u00e9 les dirigeant.e.s \u00e0 articuler des sources claires de financement pour soutenir les contre-mesures m\u00e9dicales - du d\u00e9veloppement de vaccins au diagnostic et au traitement - afin de se pr\u00e9parer \u00e0 la prochaine pand\u00e9mie.&nbsp;&nbsp;<\/p>\n\n\n\n<p>Au lieu de cela, la d\u00e9claration a approuv\u00e9 des solutions potentielles temporaires sans engagement financier ferme en faveur de la pr\u00e9paration, de la pr\u00e9vention et de l'intervention en cas de pand\u00e9mie. Lorsque de nouvelles sources de financement ont \u00e9t\u00e9 identifi\u00e9es pour les d\u00e9fis mondiaux - comme <a href=\"https:\/\/www.imf.org\/en\/Topics\/Resilience-and-Sustainability-Trust\" target=\"_blank\" rel=\"noreferrer noopener\">le Fonds fiduciaire pour la r\u00e9silience et la durabilit\u00e9<\/a> du Fonds mon\u00e9taire international - la pr\u00e9paration, la pr\u00e9vention et la r\u00e9ponse aux pand\u00e9mies n'ont pas \u00e9t\u00e9 mentionn\u00e9es comme des domaines d'investissement potentiels.&nbsp;&nbsp;&nbsp;<\/p>\n\n\n\n<p><mark style=\"background-color:rgba(0, 0, 0, 0)\" class=\"has-inline-color has-luminous-vivid-amber-color\">clauses de suspension de la dette en cas de pand\u00e9mie et d'\u00e9v\u00e9nements climatiques\u00a0<\/mark><\/p>\n\n\n\n<p>Les pays qui empruntent aupr\u00e8s des institutions de pr\u00eat - y compris les pr\u00eateurs multilat\u00e9raux et bilat\u00e9raux et les institutions priv\u00e9es - lors d'un \u00e9v\u00e9nement d\u00e9favorable (inondation, s\u00e9cheresse, \u00e9pid\u00e9mie) trouvent extr\u00eamement difficile de continuer \u00e0 assurer le service de leur dette tout en finan\u00e7ant les mesures n\u00e9cessaires pour faire face \u00e0 l'\u00e9v\u00e9nement. Nous avons demand\u00e9 aux dirigeant.e.s d'inciter les institutions de pr\u00eat \u00e0 permettre aux pays confront\u00e9s \u00e0 une pand\u00e9mie ou \u00e0 une catastrophe li\u00e9e au climat de reporter le remboursement de leur dette jusqu'\u00e0 ce qu'ils aient eu le temps de faire face \u00e0 leur situation d'urgence.&nbsp;&nbsp;<\/p>\n\n\n\n<p>Si la d\u00e9claration reconna\u00eet la n\u00e9cessit\u00e9 d'une r\u00e9solution rapide de la situation de la dette, elle ne mentionne pas la suspension de la dette lorsque les pays sont en pleine crise.&nbsp;&nbsp;&nbsp;&nbsp;&nbsp;&nbsp;<\/p>\n\n\n\n<p><mark style=\"background-color:rgba(0, 0, 0, 0);color:#29b5cf\" class=\"has-inline-color\"><strong>r\u00e9flexions finales<\/strong>\u00a0<\/mark><\/p>\n\n\n\n<p>Dans l'ensemble, le Sommet a montr\u00e9 qu'il y a encore beaucoup de plaidoyer \u00e0 faire pour que le Canada et le monde se fassent les champions de r\u00e9formes audacieuses du syst\u00e8me financier mondial afin de r\u00e9duire la dette, d'inverser les in\u00e9galit\u00e9s et de veiller \u00e0 ce que davantage de fonds soient disponibles pour investir dans la sant\u00e9, l'\u00e9ducation et la r\u00e9duction de la pauvret\u00e9 dans les pays les plus touch\u00e9s par les crises. R\u00e9sultats continuera \u00e0 suivre cette question et \u00e0 pousser le Canada \u00e0 \u00eatre un #GameChanger en faisant mieux et plus dans les moments cl\u00e9s de la vie mondiale.&nbsp;<\/p>\n\n\n\n<p>Dans les semaines et les mois \u00e0 venir, le Canada aura deux occasions de d\u00e9passer les g\u00e9n\u00e9ralit\u00e9s et de prendre des engagements r\u00e9ellement mesurables :&nbsp;&nbsp;&nbsp;<\/p>\n\n\n\n<ul class=\"wp-block-list\">\n<li>La r\u00e9union de haut niveau des Nations unies (UN-HLM) sur la tuberculose, le 22 septembre, est l'occasion pour le Canada de montrer la voie au monde en s'engageant \u00e0 \u00e9radiquer la tuberculose.  (Vous pouvez plaider en faveur d'une participation significative du Canada - consultez notre <a href=\"https:\/\/resultscanada.ca\/fr\/campaign\/campaign-2\/\" target=\"_blank\" rel=\"noreferrer noopener\">appel \u00e0 l\u2019action<\/a>)&nbsp;<\/li>\n\n\n\n<li>Le Canada peut maintenir sa r\u00e9putation de leader en mati\u00e8re d'\u00e9ducation de qualit\u00e9, tout en augmentant l'impact sur les comp\u00e9tences de base, en r\u00e9tablissant l'investissement dans l'\u00e9ducation de qualit\u00e9 lors du Forum mondial sur les r\u00e9fugi\u00e9.e.s en d\u00e9cembre prochain.&nbsp;<\/li>\n<\/ul>","protected":false},"excerpt":{"rendered":"<p>Le 9 septembre, le Premier ministre Justin Trudeau s'est joint \u00e0 d'autres leaders mondiaux lors du Sommet du G20 en Inde pour d\u00e9terminer la voie \u00e0 suivre au milieu des d\u00e9fis et des crises en cascade. Avant le sommet, R\u00e9sultats a plaid\u00e9 pour que le Canada, ainsi que les autres pays du G20, se concentrent sur les besoins des communaut\u00e9s les plus marginalis\u00e9es et s'engagent \u00e0 am\u00e9liorer le syst\u00e8me financier international. Voici notre point de vue sur la d\u00e9claration et les r\u00e9sultats globaux du sommet.<\/p>","protected":false},"author":18,"featured_media":8959,"comment_status":"closed","ping_status":"open","sticky":false,"template":"","format":"standard","meta":{"_seopress_robots_primary_cat":"none","_seopress_titles_title":"G20 wrap: some progress, some omissions, fingers crossed for follow-though","_seopress_titles_desc":"On September 9th, Prime Minister Justin Trudeau joined other world leaders at the G20 Summit in India to determine the course the world takes in the midst of cascading challenges and crises.\u00a0In the lead-up to the Summit, Results has been pushing for Canada, along with other G20 countries, to focus on the needs of the most marginalized communities and commit to improving the international financial system. Here\u2019s our take on the declaration and overall outcome of the Summit.","_seopress_robots_index":"","footnotes":""},"categories":[378,444,439,440,1],"tags":[73,95],"class_list":["post-8955","post","type-post","status-publish","format-standard","has-post-thumbnail","hentry","category-campaign-updates","category-economic-inclusion","category-global-health","category-tuberculosis","category-news","tag-results-canada","tag-g20"],"_links":{"self":[{"href":"https:\/\/resultscanada.ca\/fr\/wp-json\/wp\/v2\/posts\/8955","targetHints":{"allow":["GET"]}}],"collection":[{"href":"https:\/\/resultscanada.ca\/fr\/wp-json\/wp\/v2\/posts"}],"about":[{"href":"https:\/\/resultscanada.ca\/fr\/wp-json\/wp\/v2\/types\/post"}],"author":[{"embeddable":true,"href":"https:\/\/resultscanada.ca\/fr\/wp-json\/wp\/v2\/users\/18"}],"replies":[{"embeddable":true,"href":"https:\/\/resultscanada.ca\/fr\/wp-json\/wp\/v2\/comments?post=8955"}],"version-history":[{"count":4,"href":"https:\/\/resultscanada.ca\/fr\/wp-json\/wp\/v2\/posts\/8955\/revisions"}],"predecessor-version":[{"id":9898,"href":"https:\/\/resultscanada.ca\/fr\/wp-json\/wp\/v2\/posts\/8955\/revisions\/9898"}],"wp:featuredmedia":[{"embeddable":true,"href":"https:\/\/resultscanada.ca\/fr\/wp-json\/wp\/v2\/media\/8959"}],"wp:attachment":[{"href":"https:\/\/resultscanada.ca\/fr\/wp-json\/wp\/v2\/media?parent=8955"}],"wp:term":[{"taxonomy":"category","embeddable":true,"href":"https:\/\/resultscanada.ca\/fr\/wp-json\/wp\/v2\/categories?post=8955"},{"taxonomy":"post_tag","embeddable":true,"href":"https:\/\/resultscanada.ca\/fr\/wp-json\/wp\/v2\/tags?post=8955"}],"curies":[{"name":"wp","href":"https:\/\/api.w.org\/{rel}","templated":true}]}}