{"id":8875,"date":"2023-09-05T14:10:11","date_gmt":"2023-09-05T18:10:11","guid":{"rendered":"https:\/\/resultscanada.ca\/?p=8875"},"modified":"2026-01-23T11:53:51","modified_gmt":"2026-01-23T16:53:51","slug":"were-looking-for-the-next-generation-of-advocates-and-leaders-2","status":"publish","type":"post","link":"https:\/\/resultscanada.ca\/fr\/were-looking-for-the-next-generation-of-advocates-and-leaders-2\/","title":{"rendered":"nous recherchons des agent.e.s de changement et des leaders \u00e9mergent.e.s\u00a0"},"content":{"rendered":"<p>Nous acceptons maintenant les candidatures pour la prochaine cohorte de janvier \u00e0 novembre 2024 du programme de perfectionnement en plaidoyer. Lanc\u00e9 en 2021, le programme est un programme de formation pratique au plaidoyer et au leadership de 11 mois pour les b\u00e9n\u00e9voles qui d\u00e9velopperont leurs comp\u00e9tences pour g\u00e9n\u00e9rer la volont\u00e9 politique de mettre fin \u00e0 l'extr\u00eame pauvret\u00e9. Il est ouvert aux personnes \u00e2g\u00e9es de 18 ans et plus qui sont bas\u00e9es au Canada et qui veulent aller plus loin dans leur apprentissage et leur engagement \u00e0 avoir un impact significatif.\u202f\u202f&nbsp;<\/p>\n\n\n\n<p>Tout au long de l'ann\u00e9e, les participant.e.s se r\u00e9unissent virtuellement en groupe pour d\u00e9velopper leurs comp\u00e9tences en mati\u00e8re de leadership, de communication et de plaidoyer, approfondir leur compr\u00e9hension de la sant\u00e9 mondiale et de l'extr\u00eame pauvret\u00e9 dans les pays \u00e0 revenu faible et interm\u00e9diaire, passer \u00e0 l'action en \u00e9crivant aux m\u00e9dias (lettres au r\u00e9dacteur en chef et articles d'opinion), exprimer leurs opinions sur les m\u00e9dias sociaux et s'engager aupr\u00e8s des d\u00e9cideurs du gouvernement f\u00e9d\u00e9ral pour les orienter vers des d\u00e9cisions qui donnent aux personnes vivant dans la pauvret\u00e9 la sant\u00e9, l'\u00e9ducation et les opportunit\u00e9s dont elles ont besoin pour prosp\u00e9rer.\u202f\u202f&nbsp;<\/p>\n\n\n\n<p>Soutenus par les recherches approfondies et l'expertise l\u00e9gislative du personnel et des partenaires de R\u00e9sultats Canada, les participant.e.s r\u00e9aliseront l'incroyable pouvoir d'utiliser leur voix.\u202f&nbsp;<\/p>\n\n\n\n<p>\u202f&nbsp;<\/p>\n\n\n\n<p><strong><em>comment postuler\u202f<\/em>&nbsp;<\/strong><\/p>\n\n\n\n<ul class=\"wp-block-list\">\n<li>Les candidatures pour la cohorte 2024 sont maintenant ferm\u00e9es - revenez l'ann\u00e9e prochaine!\u00a0<\/li>\n<\/ul>\n\n\n\n<p>Remarque : les candidats francophones peuvent nous contacter par courriel \u00e0 l'adresse <a href=\"mailto:action@resultscanada.ca\">action@resultscanada.ca<\/a> pour obtenir des d\u00e9tails sur les candidatures en fran\u00e7ais.<\/p>\n\n\n\n<p><em>R\u00e9sultats Canada s'engage \u00e0 travailler dans un cadre antiraciste, anti-oppression et anti-colonial et nos valeurs anti-oppression peuvent \u00eatre consult\u00e9es <\/em><a rel=\"noreferrer noopener\" href=\"https:\/\/resultscanada.ca\/fr\/our-anti-oppression-values\/\" target=\"_blank\"><em>ici<\/em><\/a><em>. Nous encourageons vivement les femmes, les personnes racialis\u00e9es, les autochtones, les migrants, les personnes ayant une identit\u00e9 sexuelle ou de genre marginalis\u00e9e et les personnes handicap\u00e9es \u00e0 pr\u00e9senter leur candidature. Nous invitons les candidats qui le souhaitent \u00e0 faire part de leur identit\u00e9 personnelle dans leur dossier de candidature.<\/em><\/p>","protected":false},"excerpt":{"rendered":"<p>Nous acceptons maintenant les candidatures pour la prochaine cohorte de janvier \u00e0 novembre 2024 du programme de perfectionnement en plaidoyer !<\/p>","protected":false},"author":18,"featured_media":8880,"comment_status":"closed","ping_status":"open","sticky":false,"template":"","format":"standard","meta":{"_seopress_robots_primary_cat":"none","_seopress_titles_title":"we\u2019re looking for emerging advocates and leaders\u202f\u00a0","_seopress_titles_desc":"Applications for the 2024 Fellowship cohort are now closed - please check back next year!\u202f\u202f\u00a0","_seopress_robots_index":"","footnotes":""},"categories":[436,438],"tags":[108,73,88,96,107],"class_list":["post-8875","post","type-post","status-publish","format-standard","has-post-thumbnail","hentry","category-volunteer-action","category-opportunities","tag-fellowship","tag-results-canada","tag-volunteer","tag-advocacy","tag-fellow"],"_links":{"self":[{"href":"https:\/\/resultscanada.ca\/fr\/wp-json\/wp\/v2\/posts\/8875","targetHints":{"allow":["GET"]}}],"collection":[{"href":"https:\/\/resultscanada.ca\/fr\/wp-json\/wp\/v2\/posts"}],"about":[{"href":"https:\/\/resultscanada.ca\/fr\/wp-json\/wp\/v2\/types\/post"}],"author":[{"embeddable":true,"href":"https:\/\/resultscanada.ca\/fr\/wp-json\/wp\/v2\/users\/18"}],"replies":[{"embeddable":true,"href":"https:\/\/resultscanada.ca\/fr\/wp-json\/wp\/v2\/comments?post=8875"}],"version-history":[{"count":5,"href":"https:\/\/resultscanada.ca\/fr\/wp-json\/wp\/v2\/posts\/8875\/revisions"}],"predecessor-version":[{"id":13055,"href":"https:\/\/resultscanada.ca\/fr\/wp-json\/wp\/v2\/posts\/8875\/revisions\/13055"}],"wp:featuredmedia":[{"embeddable":true,"href":"https:\/\/resultscanada.ca\/fr\/wp-json\/wp\/v2\/media\/8880"}],"wp:attachment":[{"href":"https:\/\/resultscanada.ca\/fr\/wp-json\/wp\/v2\/media?parent=8875"}],"wp:term":[{"taxonomy":"category","embeddable":true,"href":"https:\/\/resultscanada.ca\/fr\/wp-json\/wp\/v2\/categories?post=8875"},{"taxonomy":"post_tag","embeddable":true,"href":"https:\/\/resultscanada.ca\/fr\/wp-json\/wp\/v2\/tags?post=8875"}],"curies":[{"name":"wp","href":"https:\/\/api.w.org\/{rel}","templated":true}]}}