{"id":8543,"date":"2023-08-10T10:00:00","date_gmt":"2023-08-10T14:00:00","guid":{"rendered":"https:\/\/resultscanada.ca\/?p=8543"},"modified":"2025-12-26T16:55:45","modified_gmt":"2025-12-26T21:55:45","slug":"tina-campbell-advisor-advocate-tb-champion","status":"publish","type":"post","link":"https:\/\/resultscanada.ca\/fr\/tina-campbell-advisor-advocate-tb-champion\/","title":{"rendered":"Tina Campbell: conseiller, d\u00e9fenseur et champion de la tuberculose"},"content":{"rendered":"<p><em>\u00ab\u2009C\u2019\u00e9tait terrifiant pour moi, car je ne comprenais pas grand-chose \u00e0 cette maladie. Ce sont les infirmi\u00e8res qui travaillaient dans la clinique locale qui ont contribu\u00e9 \u00e0 apaiser mes inqui\u00e9tudes en me donnant des informations d\u00e9taill\u00e9es<\/em><em>.<\/em><em>\u2009\u00bb<\/em>&nbsp;<\/p>\n\n\n\n<p>C\u2019est ainsi que Tina Campbell d\u00e9crit sa propre exp\u00e9rience avec une infection tuberculeuse latente.&nbsp;<\/p>\n\n\n\n<p>Aujourd\u2019hui, Tina est une d\u00e9fenseuse incroyable dans la lutte pour #MettreFin\u00c0LaTB et c\u2019est une fiert\u00e9 pour nous de la mettre en valeur en tant que championne. &nbsp;<\/p>\n\n\n\n<p>Conseill\u00e8re du programme de lutte contre la TB aupr\u00e8s de la Northern Inter-Tribal Health Authority et copr\u00e9sidente de Halte \u00e0 la tuberculose Canada, Tina a pass\u00e9 la majeure partie de sa vie dans le Nunanngat inuit, \u00e0 Iqaluit, au Nunavut. C\u2019est l\u00e0 qu\u2019elle a d\u00e9but\u00e9 sa carri\u00e8re d\u2019infirmi\u00e8re en sant\u00e9 publique. L\u00e0-bas, elle a commenc\u00e9 \u00e0 observer des taux \u00e9lev\u00e9s de TB dans son entourage et dans de nombreuses communaut\u00e9s inuites et des Premi\u00e8res Nations<s> <\/s>vivant dans les r\u00e9serves o\u00f9 elle travaillait.<\/p>\n\n\n\n<p>L\u2019impact persistant de la colonisation et des mauvais traitements dans ces communaut\u00e9s isol\u00e9es et majoritairement autochtones \u00e9tait \u00e9galement perceptible. Tina a vu de ses propres yeux l\u2019impact des traumatismes interg\u00e9n\u00e9rationnels et de la m\u00e9fiance \u00e0 l\u2019\u00e9gard des institutions de soins de sant\u00e9. La stigmatisation \u00e9tait \u00e9galement un obstacle important \u00e0 l\u2019\u00e9limination de la TB dans ces communaut\u00e9s.&nbsp;<\/p>\n\n\n\n<blockquote class=\"wp-block-quote is-layout-flow wp-block-quote-is-layout-flow\">\n<p class=\"has-text-align-center\"><strong>\u00ab\u2009En \u00e9tant \u00e0 la fois patiente et prestataire de soins, j\u2019ai appris \u00e0 comprendre \u00e0 quel point les deux positions peuvent \u00eatre difficiles.\u2009\u00bb<\/strong>&nbsp;<\/p>\n<\/blockquote>\n\n\n\n<p>Les prestataires de soins de sant\u00e9 ont apais\u00e9 ses inqui\u00e9tudes lors de sa propre infection par la TB, et Tina estime que l\u2019\u00e9ducation et les connaissances continuent d\u2019\u00eatre un outil puissant pour atteindre les membres de ces communaut\u00e9s. Ils se sentent \u00e0 l\u2019aise de s\u2019ouvrir \u00e0 elle en raison de son exp\u00e9rience v\u00e9cue \u00e0 la fois en tant que patiente et en tant que prestataire de soins de sant\u00e9 autochtone.&nbsp;<\/p>\n\n\n\n<p>En mai dernier, Tina a \u00e9t\u00e9 invit\u00e9e \u00e0 participer \u00e0 la r\u00e9union multipartite de haut niveau de l\u2019Organisation des Nations Unies (RHN ONU) en tant que pan\u00e9liste repr\u00e9sentant la population autochtone canadienne. Elle a partag\u00e9 avec audace son exp\u00e9rience et sa profonde compr\u00e9hension de l\u2019impact de la TB sur les communaut\u00e9s autochtones. <\/p>\n\n\n<div class=\"wp-block-image\">\n<figure class=\"aligncenter size-large is-resized\"><img loading=\"lazy\" decoding=\"async\" src=\"https:\/\/cdn.resultscanada.ca\/wp-content\/uploads\/TinaUNHLm-edited.png\" alt=\"\" class=\"wp-image-8562\" width=\"838\" height=\"472\" srcset=\"https:\/\/cdn.resultscanada.ca\/wp-content\/uploads\/TinaUNHLm-edited.png 1472w, https:\/\/cdn.resultscanada.ca\/wp-content\/uploads\/TinaUNHLm-edited-300x169.png 300w, https:\/\/cdn.resultscanada.ca\/wp-content\/uploads\/TinaUNHLm-edited-1024x576.png 1024w, https:\/\/cdn.resultscanada.ca\/wp-content\/uploads\/TinaUNHLm-edited-768x432.png 768w, https:\/\/cdn.resultscanada.ca\/wp-content\/uploads\/TinaUNHLm-edited-18x10.png 18w\" sizes=\"auto, (max-width: 838px) 100vw, 838px\" \/><\/figure>\n<\/div>\n\n\n<blockquote class=\"wp-block-quote is-layout-flow wp-block-quote-is-layout-flow\">\n<p class=\"has-text-align-center\"><strong>\u00ab\u2009Le fait d\u2019avoir pu y participer et repr\u00e9senter la population autochtone canadienne et l\u2019impact de la TB sur nos communaut\u00e9s a \u00e9t\u00e9 le plus grand honneur de ma vie. J\u2019\u00e9tais extr\u00eamement fi\u00e8re d\u2019\u00eatre une femme autochtone. J\u2019ai l\u2019impression que nous sommes enfin entendu.e.s et pris.e.s en compte, ce qui est essentiel si nous voulons progresser vers l\u2019\u00e9limination de la TB.\u2009\u00bb<\/strong><\/p>\n<\/blockquote>\n\n\n\n<p>L\u2019un de ses principaux messages s\u2019inscrivait dans notre <a href=\"https:\/\/cdn.resultscanada.ca\/wp-content\/uploads\/August-2023-CTA-YesWeCanEndTB.pdf\" data-type=\"URL\" data-id=\"https:\/\/cdn.resultscanada.ca\/wp-content\/uploads\/August-2023-CTA-YesWeCanEndTB.pdf\">appel \u00e0 l'action<\/a>, o\u00f9 l\u2019on exhorte le Canada \u00e0 \u00eatre un leader mondial dans la lutte contre la TB lors de la RHN de l\u2019ONU sur la TB en septembre\u202f2023.<strong><em> <\/em><\/strong>\u00a0<\/p>\n\n\n\n<blockquote class=\"wp-block-quote has-text-align-center is-layout-flow wp-block-quote-is-layout-flow\">\n<p><strong><em>\u00ab<\/em>Plus nous sommes nombreux \u00e0 nous exprimer, plus nous sommes forts.\u2009\u00bb<\/strong>&nbsp;<\/p>\n<\/blockquote>\n\n\n\n<p class=\"has-vivid-red-color has-text-color\"><strong>L\u2019entrevue compl\u00e8te est disponible ici.<\/strong><\/p>\n\n\n\n<figure class=\"wp-block-embed is-type-video is-provider-youtube wp-block-embed-youtube wp-embed-aspect-16-9 wp-has-aspect-ratio\"><div class=\"wp-block-embed__wrapper\">\n<iframe loading=\"lazy\" title=\"Champion Story - Tina Campbell\" width=\"500\" height=\"281\" src=\"https:\/\/www.youtube.com\/embed\/YzPZnjq0Uxw?feature=oembed\" frameborder=\"0\" allow=\"accelerometer; autoplay; clipboard-write; encrypted-media; gyroscope; picture-in-picture; web-share\" referrerpolicy=\"strict-origin-when-cross-origin\" allowfullscreen><\/iframe>\n<\/div><\/figure>\n\n\n\n<p><em>Tina Campbell est conseill\u00e8re du programme de lutte contre la tuberculose aupr\u00e8s de la Northern Inter-Tribal Health Authority et copr\u00e9sidente de Halte \u00e0 la tuberculose Canada. Elle est fi\u00e8re de pouvoir utiliser sa voix pour faire du plaidoyer en faveur de sa communaut\u00e9 et de l\u2019\u00e9limination de la TB partout dans le monde. Pendant son temps libre, elle passe du temps avec ses proches ou s\u2019entra\u00eene pour son prochain semi-marathon. Retrouvez-la sur Twitter \u00e0 <\/em><a href=\"https:\/\/twitter.com\/NITHATB306\" data-type=\"URL\" data-id=\"https:\/\/twitter.com\/NITHATB306\">@NITHATB306<\/a>.&nbsp;<\/p>\n\n\n\n<p>Pour d\u2019autres histoires de champion.ne.s, cliquez <a href=\"https:\/\/resultscanada.ca\/fr\/a-notre-sujet\/champions\/\" data-type=\"URL\" data-id=\"https:\/\/resultscanada.ca\/about-us\/champions\/\">ici<\/a>.<\/p>","protected":false},"excerpt":{"rendered":"<p>Tina Campbell est conseill\u00e8re du programme de lutte contre la tuberculose aupr\u00e8s de la Northern Inter-Tribal Health Authority et copr\u00e9sidente de Halte \u00e0 la tuberculose Canada. Elle est fi\u00e8re de pouvoir utiliser sa voix pour faire du plaidoyer en faveur de sa communaut\u00e9 et de l\u2019\u00e9limination de la TB partout dans le monde.<\/p>","protected":false},"author":18,"featured_media":8559,"comment_status":"closed","ping_status":"open","sticky":false,"template":"","format":"standard","meta":{"_seopress_robots_primary_cat":"none","_seopress_titles_title":"Tina Campbell: Advisor, Advocate &amp; TB Champion","_seopress_titles_desc":"Tina Campbell is a Tuberculosis Program Advisor with the Northern Inter-Tribal Health Authority and co-chair of Stop TB Canada where she takes pride in being able to use her voice to advocate for her community and for the elimination of TB everywhere.","_seopress_robots_index":"","footnotes":""},"categories":[57],"tags":[70,73,78,91,92],"class_list":["post-8543","post","type-post","status-publish","format-standard","has-post-thumbnail","hentry","category-champion-stories","tag-tuberculosis","tag-results-canada","tag-tb","tag-unhlm","tag-champion"],"_links":{"self":[{"href":"https:\/\/resultscanada.ca\/fr\/wp-json\/wp\/v2\/posts\/8543","targetHints":{"allow":["GET"]}}],"collection":[{"href":"https:\/\/resultscanada.ca\/fr\/wp-json\/wp\/v2\/posts"}],"about":[{"href":"https:\/\/resultscanada.ca\/fr\/wp-json\/wp\/v2\/types\/post"}],"author":[{"embeddable":true,"href":"https:\/\/resultscanada.ca\/fr\/wp-json\/wp\/v2\/users\/18"}],"replies":[{"embeddable":true,"href":"https:\/\/resultscanada.ca\/fr\/wp-json\/wp\/v2\/comments?post=8543"}],"version-history":[{"count":5,"href":"https:\/\/resultscanada.ca\/fr\/wp-json\/wp\/v2\/posts\/8543\/revisions"}],"predecessor-version":[{"id":8885,"href":"https:\/\/resultscanada.ca\/fr\/wp-json\/wp\/v2\/posts\/8543\/revisions\/8885"}],"wp:featuredmedia":[{"embeddable":true,"href":"https:\/\/resultscanada.ca\/fr\/wp-json\/wp\/v2\/media\/8559"}],"wp:attachment":[{"href":"https:\/\/resultscanada.ca\/fr\/wp-json\/wp\/v2\/media?parent=8543"}],"wp:term":[{"taxonomy":"category","embeddable":true,"href":"https:\/\/resultscanada.ca\/fr\/wp-json\/wp\/v2\/categories?post=8543"},{"taxonomy":"post_tag","embeddable":true,"href":"https:\/\/resultscanada.ca\/fr\/wp-json\/wp\/v2\/tags?post=8543"}],"curies":[{"name":"wp","href":"https:\/\/api.w.org\/{rel}","templated":true}]}}