{"id":7519,"date":"2023-01-30T17:13:21","date_gmt":"2023-01-30T21:13:21","guid":{"rendered":"https:\/\/resultscanada.ca\/?p=7519"},"modified":"2026-01-23T11:56:01","modified_gmt":"2026-01-23T16:56:01","slug":"parliamentarians-see-why-canadian-aid-matters-on-delegation-to-kenya","status":"publish","type":"post","link":"https:\/\/resultscanada.ca\/fr\/parliamentarians-see-why-canadian-aid-matters-on-delegation-to-kenya\/","title":{"rendered":"Des parlementaires en d\u00e9l\u00e9gation constatent l\u2019importance du soutien canadien"},"content":{"rendered":"<div class=\"tb-fields-and-text\" data-toolset-blocks-fields-and-text=\"3e1d2592ce20bdf2bf813c9dfa44c991\"><p>Au cours de la semaine du 16 au 20 janvier, R\u00e9sultats Canada a eu la chance d\u2019emmener 4 d\u00e9put\u00e9.e.s, Scott Aitchison, Valerie Bradford, Iqwinder Gaheer et Eric Melillo, pour voir les d\u00e9fis et solutions \u00e0 la pauvret\u00e9 mondiale au Kenya. Entre autres initiatives \u00e0 haut impact, nous avons explor\u00e9 des programmes qui permettent de sauver des vies dans les milieux les plus marginalis\u00e9s, \u00e9tant ax\u00e9s sur le d\u00e9veloppement de la petite enfance, la tuberculose, la sant\u00e9 et la nutrition maternelles ainsi que l\u2019\u00e9ducation. Nous avons abord\u00e9 toutes nos visites dans une optique d\u2019analyse de l\u2019\u00e9galit\u00e9 des sexes et de la localisation.<\/p><\/div>\n\n\n<div id=\"div_block-96-321\" class=\"ct-div-block\" ><div id=\"_toggle-12-760\" class=\"oxy-toggle toggle-1570 toggle-1570-expanded\"  data-oxy-toggle-initial-state=\"closed\" data-oxy-toggle-active-class=\"toggle-1570-expanded\" >\n\t\t\t<div class='oxy-expand-collapse-icon' href='#'><\/div>\n\t\t\t<div class='oxy-toggle-content'>\n                <h4 id=\"headline-13-760\" class=\"ct-headline\">pourquoi sommes-nous all\u00e9.e.s au Kenya?<\/h4>\t\t\t<\/div>\n\t\t<\/div><div id=\"_rich_text-16-760\" class=\"oxy-rich-text\" ><p>Le Kenya est, pour plusieurs raisons, un choix strat\u00e9gique pour \u00e9tudier les r\u00e9percussions d\u2019un acc\u00e8s \u00e9quitable \u00e0 la sant\u00e9 et \u00e0 l\u2019\u00e9ducation. Au Kenya, environ <a href=\"https:\/\/www.worldbank.org\/en\/country\/kenya\/publication\/kenya-economic-update-poverty-incidence-in-kenya-declined-significantly-but-unlikely-to-be-eradicated-by-2030\" target=\"_blank\" rel=\"noopener\">36,1 % de la population<\/a> vit sous le seuil de pauvret\u00e9 international de 1,90 dollar US par jour. Son climat rude, avec ses s\u00e9cheresses cycliques, a un impact disproportionn\u00e9 sur les populations les plus marginalis\u00e9es, en particulier les femmes et les enfants. La pand\u00e9mie de COVID-19 n\u2019a fait qu\u2019exacerber ces vuln\u00e9rabilit\u00e9s. Bien que les progr\u00e8s aient \u00e9t\u00e9 constants avec le support des donateurs comme le Canada, des d\u00e9fis subsistent en raison des taux \u00e9lev\u00e9s de ch\u00f4mage chez les jeunes, de l\u2019in\u00e9galit\u00e9 des revenus, de la vuln\u00e9rabilit\u00e9 de l\u2019\u00e9conomie et du manque d\u2019acc\u00e8s au secteur des soins de sant\u00e9 et de la moindre qualit\u00e9 de ces derniers. Cette d\u00e9l\u00e9gation nous a fourni une chance unique d\u2019observer de fa\u00e7on directe les actions qu\u2019entreprend le Kenya pour rem\u00e9dier \u00e0 ces probl\u00e8mes urgents.<\/p><\/div><\/div>\n\n\n<div class=\"tb-fields-and-text\" data-toolset-blocks-fields-and-text=\"3e1d2592ce20bdf2bf813c9dfa44c991\"><p>Gr\u00e2ce au soutien de nos partenaires au Kenya, dont le partenaire d\u2019ACTION,&nbsp;<a href=\"https:\/\/kanco.org\/\" target=\"_blank\" rel=\"noopener\">KANCO<\/a>,&nbsp;<a href=\"https:\/\/www.unicef.org\/fr\" target=\"_blank\" rel=\"noopener\">UNICEF<\/a>, <a href=\"https:\/\/www.nutritionintl.org\/fr\/home\/\" target=\"_blank\" rel=\"noopener\">Nutrition International<\/a>, <a href=\"https:\/\/www.finddx.org\/\" target=\"_blank\" rel=\"noopener\">FIND, the global alliance for diagnostics<\/a>, <a href=\"https:\/\/www.stoptb.org\/\" target=\"_blank\" rel=\"noopener\">Stop TB Partnership<\/a> et <a href=\"https:\/\/www.tballiance.org\/\" target=\"_blank\" rel=\"noopener\">TB\u202fAlliance<\/a>, nous avons pu rencontrer des organismes de d\u00e9veloppement canadiens internationaux, des repr\u00e9sentant.e.s du gouvernement du Kenya, des organisations locales de la soci\u00e9t\u00e9 civile, des travailleur.euse.s en sant\u00e9 communautaire et des membres de la communaut\u00e9. Les membres de la d\u00e9l\u00e9gation ont particip\u00e9 \u00e0 un expos\u00e9 \u00e0 la r\u00e9sidence officielle du haut-commissionnaire du Canada aupr\u00e8s du Kenya, ainsi qu\u2019\u00e0 une rencontre avec des parlementaires du Kenya.<\/p><\/div>\n\n\n\n<figure class=\"wp-block-gallery has-nested-images columns-default is-cropped wp-block-gallery-1 is-layout-flex wp-block-gallery-is-layout-flex\">\n<figure class=\"wp-block-image size-large\"><img loading=\"lazy\" decoding=\"async\" width=\"1024\" height=\"751\" data-id=\"7541\" src=\"https:\/\/cdn.resultscanada.ca\/wp-content\/uploads\/LittleAngel-DayCare-1024x751.jpg\" alt=\"\" class=\"wp-image-7541\"\/><figcaption class=\"wp-element-caption\">Little Angels Day Care, Korogocho<\/figcaption><\/figure>\n\n\n\n<figure class=\"wp-block-image size-large\"><img loading=\"lazy\" decoding=\"async\" width=\"400\" height=\"308\" data-id=\"7539\" src=\"https:\/\/cdn.resultscanada.ca\/wp-content\/uploads\/Eunice-CHW-e1675197605557.jpg\" alt=\"\" class=\"wp-image-7539\" srcset=\"https:\/\/cdn.resultscanada.ca\/wp-content\/uploads\/Eunice-CHW-e1675197605557.jpg 400w, https:\/\/cdn.resultscanada.ca\/wp-content\/uploads\/Eunice-CHW-e1675197605557-300x231.jpg 300w, https:\/\/cdn.resultscanada.ca\/wp-content\/uploads\/Eunice-CHW-e1675197605557-16x12.jpg 16w\" sizes=\"auto, (max-width: 400px) 100vw, 400px\" \/><figcaption class=\"wp-element-caption\">Eunice, agente de sant\u00e9 communautaire<\/figcaption><\/figure>\n\n\n\n<figure class=\"wp-block-image size-large\"><img loading=\"lazy\" decoding=\"async\" width=\"400\" height=\"301\" data-id=\"7525\" src=\"https:\/\/cdn.resultscanada.ca\/wp-content\/uploads\/WhatsApp-Image-2023-01-16-at-13.47.21-e1675118517385.jpeg\" alt=\"\" class=\"wp-image-7525\" srcset=\"https:\/\/cdn.resultscanada.ca\/wp-content\/uploads\/WhatsApp-Image-2023-01-16-at-13.47.21-e1675118517385.jpeg 400w, https:\/\/cdn.resultscanada.ca\/wp-content\/uploads\/WhatsApp-Image-2023-01-16-at-13.47.21-e1675118517385-300x226.jpeg 300w, https:\/\/cdn.resultscanada.ca\/wp-content\/uploads\/WhatsApp-Image-2023-01-16-at-13.47.21-e1675118517385-16x12.jpeg 16w\" sizes=\"auto, (max-width: 400px) 100vw, 400px\" \/><figcaption class=\"wp-element-caption\">Centre for Rights Education and Awareness, Kibera<\/figcaption><\/figure>\n<\/figure>\n\n\n\n<div class=\"wp-block-columns is-layout-flex wp-container-core-columns-is-layout-9d6595d7 wp-block-columns-is-layout-flex\">\n<div class=\"wp-block-column is-layout-flow wp-block-column-is-layout-flow\">\n<div class=\"tb-fields-and-text\" data-toolset-blocks-fields-and-text=\"3e1d2592ce20bdf2bf813c9dfa44c991\"><p><strong>Voici quelques moments forts de nos visites :<\/strong>&nbsp;<\/p>\n<ul>\n  <li>Nous nous sommes \u00e9duqu\u00e9.e.s sur les fa\u00e7ons d\u2019am\u00e9liorer l\u2019acc\u00e8s \u00e0 la justice pour les survivant.e.s de la violence de genre ainsi que sur l\u2019\u00e9galit\u00e9 des genres au <a href=\"https:\/\/home.creaw.org\/\" target=\"_blank\" rel=\"noopener\">Centre for Rights Education and Awareness<\/a> (Centre pour l'\u00e9ducation et la sensibilisation aux droits). Ce Centre, qui obtient du soutien canadien et se situe \u00e0 Kibera \u2013 le plus grand \u00e9tablissement urbain informel en Afrique \u2013 a pu servir plus de <a href=\"https:\/\/twitter.com\/EkathaJ\/status\/1615460276467286018\" target=\"_blank\" rel=\"noopener\">3 000 survivant.e.s<\/a> de la violence de genre.<\/li>\n  <li>Nous avons visit\u00e9 des programmes de sant\u00e9 et de <a href=\"https:\/\/www.nutritionintl.org\/news\/all-news\/canadian-parliamentarians-witness-impact-of-health-and-nutrition-programs-in-makueni-county\/\" target=\"_blank\" rel=\"noopener\">nutrition<\/a> dans le district de Makueni \u00e0 une p\u00e9riode o\u00f9 ce district ressent les cons\u00e9quences n\u00e9fastes d\u2019une s\u00e9cheresse prolong\u00e9e qui a caus\u00e9 une faim et une malnutrition g\u00e9n\u00e9ralis\u00e9es dans plusieurs parties du Kenya et de l\u2019Afrique de l\u2019Est. Nous avons eu la chance de rencontrer des agent.e.s de sant\u00e9 communautaires b\u00e9n\u00e9voles comme <a href=\"https:\/\/twitter.com\/EkathaJ\/status\/1616289641275224066\" target=\"_blank\" rel=\"noopener\">Eunice Nziro<\/a>, qui a partag\u00e9 ses exp\u00e9riences avec les membres de la d\u00e9l\u00e9gation, racontant notamment comment elle a march\u00e9 8 kilom\u00e8tres sur un sol arride avec sa voisine qui a commenc\u00e9 \u00e0 accoucher, juste pour s\u2019assurer qu\u2019elle arrive \u00e0 temps au centre de sant\u00e9 le plus proche.&nbsp;<\/li>\n  <li>Nous avons aussi visit\u00e9 une clinique de tuberculose (TB) dans le district de Machakos o\u00f9 nous avons accompagn\u00e9 des agent.e.s de sant\u00e9 communautaires b\u00e9n\u00e9voles qui faisaient des tests de d\u00e9pistage de la COVID-19 et de la TB dans les foyers. &nbsp;<\/li>\n  <li>Le dernier jour, les membres de la d\u00e9l\u00e9gation ont visit\u00e9 un <a href=\"https:\/\/twitter.com\/UNICEFKenya\/status\/1616389619750428674\" target=\"_blank\" rel=\"noopener\">centre du d\u00e9veloppement de la petite enfance<\/a> (Little Angels Day Care) \u00e0 Korogocho, un autre \u00e9tablissement informel, o\u00f9 ielles ont discut\u00e9 avec des prestataires de services aux enfants sur leur r\u00f4le dans les soins aux enfants et les d\u00e9fis auxquels ielles sont confront\u00e9.e.s.&nbsp;<\/li>\n<\/ul>\n<p>\u00c0 leur retour au Canada, toustes les d\u00e9put\u00e9.e.s avaient appris le r\u00f4le que peut jouer notre gouvernement dans la promotion d\u2019une politique du d\u00e9veloppement et d\u2019un soutien \u00e0 grand impact, ce qui est particuli\u00e8rement important dans le contexte de notre plaidoyer pour une augmentation du soutien accord\u00e9 par le Canada dans le budget 2023 avec notre campagne #TenirLaPromesse. Voici ce que les d\u00e9put\u00e9.e.s avaient \u00e0 dire sur leur exp\u00e9rience :&nbsp;&nbsp;<\/p><\/div>\n<\/div>\n<\/div>\n\n\n\n<div class=\"wp-block-columns is-layout-flex wp-container-core-columns-is-layout-9d6595d7 wp-block-columns-is-layout-flex\">\n<div class=\"wp-block-column is-layout-flow wp-block-column-is-layout-flow\">\n<figure class=\"wp-block-embed is-type-video is-provider-youtube wp-block-embed-youtube wp-embed-aspect-16-9 wp-has-aspect-ratio\"><div class=\"wp-block-embed__wrapper\">\n<iframe loading=\"lazy\" title=\"Le d\u00e9put\u00e9 Scott Aitchison parle de la d\u00e9l\u00e9gation au Kenya et de l&#039;aide canadienne\" width=\"500\" height=\"281\" src=\"https:\/\/www.youtube.com\/embed\/bmgnA3Y4GDU?feature=oembed\" frameborder=\"0\" allow=\"accelerometer; autoplay; clipboard-write; encrypted-media; gyroscope; picture-in-picture; web-share\" referrerpolicy=\"strict-origin-when-cross-origin\" allowfullscreen><\/iframe>\n<\/div><\/figure>\n\n\n<style>.wp-block-kadence-spacer.kt-block-spacer-_537284-38 .kt-block-spacer{height:20px;}.wp-block-kadence-spacer.kt-block-spacer-_537284-38 .kt-divider{border-top-width:1px;height:1px;border-top-color:#ffffff;width:80%;border-top-style:solid;}<\/style>\n<div class=\"wp-block-kadence-spacer aligncenter kt-block-spacer-_537284-38\"><div class=\"kt-block-spacer kt-block-spacer-halign-center\"><hr class=\"kt-divider\"\/><\/div><\/div>\n\n\n\n<figure class=\"wp-block-embed is-type-video is-provider-youtube wp-block-embed-youtube wp-embed-aspect-16-9 wp-has-aspect-ratio\"><div class=\"wp-block-embed__wrapper\">\n<iframe loading=\"lazy\" title=\"Le d\u00e9put\u00e9e Valerie Bradford parle de la d\u00e9l\u00e9gation au Kenya et de l&#039;aide canadienne\" width=\"500\" height=\"281\" src=\"https:\/\/www.youtube.com\/embed\/1AxTVD53DQQ?feature=oembed\" frameborder=\"0\" allow=\"accelerometer; autoplay; clipboard-write; encrypted-media; gyroscope; picture-in-picture; web-share\" referrerpolicy=\"strict-origin-when-cross-origin\" allowfullscreen><\/iframe>\n<\/div><\/figure>\n<\/div>\n\n\n\n<div class=\"wp-block-column is-layout-flow wp-block-column-is-layout-flow\">\n<figure class=\"wp-block-embed is-type-video is-provider-youtube wp-block-embed-youtube wp-embed-aspect-16-9 wp-has-aspect-ratio\"><div class=\"wp-block-embed__wrapper\">\n<iframe loading=\"lazy\" title=\"Le d\u00e9put\u00e9 Iqwinder Gaheer parle de la d\u00e9l\u00e9gation au Kenya et de l&#039;aide canadienne\" width=\"500\" height=\"281\" src=\"https:\/\/www.youtube.com\/embed\/4Kqb8Wmvxqc?feature=oembed\" frameborder=\"0\" allow=\"accelerometer; autoplay; clipboard-write; encrypted-media; gyroscope; picture-in-picture; web-share\" referrerpolicy=\"strict-origin-when-cross-origin\" allowfullscreen><\/iframe>\n<\/div><\/figure>\n\n\n<style>.wp-block-kadence-spacer.kt-block-spacer-_3867c0-79 .kt-block-spacer{height:20px;}.wp-block-kadence-spacer.kt-block-spacer-_3867c0-79 .kt-divider{border-top-width:1px;height:1px;border-top-color:#ffffff;width:80%;border-top-style:solid;}<\/style>\n<div class=\"wp-block-kadence-spacer aligncenter kt-block-spacer-_3867c0-79\"><div class=\"kt-block-spacer kt-block-spacer-halign-center\"><hr class=\"kt-divider\"\/><\/div><\/div>\n\n\n\n<figure class=\"wp-block-embed is-type-video is-provider-youtube wp-block-embed-youtube wp-embed-aspect-16-9 wp-has-aspect-ratio\"><div class=\"wp-block-embed__wrapper\">\n<iframe loading=\"lazy\" title=\"Member of Parliament Eric Melillo reflects on Kenya delegation and Canadian aid\" width=\"500\" height=\"281\" src=\"https:\/\/www.youtube.com\/embed\/cVzr53XucKs?feature=oembed\" frameborder=\"0\" allow=\"accelerometer; autoplay; clipboard-write; encrypted-media; gyroscope; picture-in-picture; web-share\" referrerpolicy=\"strict-origin-when-cross-origin\" allowfullscreen><\/iframe>\n<\/div><\/figure>\n<\/div>\n<\/div>\n\n\n\n<div style=\"height:10px\" aria-hidden=\"true\" class=\"wp-block-spacer\"><\/div>\n\n\n\n<div class=\"tb-fields-and-text\" data-toolset-blocks-fields-and-text=\"3e1d2592ce20bdf2bf813c9dfa44c991\"><p>Les d\u00e9put\u00e9.e.s ont \u00e9galement eu la gentillesse de r\u00e9pondre aux questions d\u2019intervenant.e.s b\u00e9n\u00e9voles au sujet des observations des d\u00e9put\u00e9.e.s sur la d\u00e9l\u00e9gation et sur leur participation au d\u00e9veloppement international. D\u00e9couvrez ce qu\u2019ils avaient \u00e0 dire :<\/p><\/div>\n\n\n\n<figure class=\"wp-block-embed is-type-video is-provider-youtube wp-block-embed-youtube wp-embed-aspect-16-9 wp-has-aspect-ratio\"><div class=\"wp-block-embed__wrapper\">\n<iframe loading=\"lazy\" title=\"Delegation Kenya 2023 MP Q&amp;A with volunteers\" width=\"500\" height=\"281\" src=\"https:\/\/www.youtube.com\/embed\/bTxjdwNDZ6w?feature=oembed\" frameborder=\"0\" allow=\"accelerometer; autoplay; clipboard-write; encrypted-media; gyroscope; picture-in-picture; web-share\" referrerpolicy=\"strict-origin-when-cross-origin\" allowfullscreen><\/iframe>\n<\/div><\/figure>\n\n\n<style>.wp-block-kadence-spacer.kt-block-spacer-_0f3493-5c .kt-block-spacer{height:20px;}.wp-block-kadence-spacer.kt-block-spacer-_0f3493-5c .kt-divider{border-top-width:1px;height:1px;border-top-color:#ffffff;width:80%;border-top-style:solid;}<\/style>\n<div class=\"wp-block-kadence-spacer aligncenter kt-block-spacer-_0f3493-5c\"><div class=\"kt-block-spacer kt-block-spacer-halign-center\"><hr class=\"kt-divider\"\/><\/div><\/div>\n\n\n\n<div class=\"tb-fields-and-text\" data-toolset-blocks-fields-and-text=\"3e1d2592ce20bdf2bf813c9dfa44c991\"><p><strong>Vous voulez en voir plus?<\/strong> Trouvez les observations de Chris Dendys, notre directrice g\u00e9n\u00e9rale, sur la d\u00e9l\u00e9gation dans nos <a href=\"https:\/\/www.instagram.com\/resultscda\/reels\/\" target=\"_blank\" rel=\"noopener\">Reels Instagram<\/a>!<\/p><\/div>","protected":false},"excerpt":{"rendered":"<p>janvier 2023 - Au cours de la semaine du 16 au 20 janvier, R\u00e9sultats Canada a eu la chance d\u2019emmener 4 d\u00e9put\u00e9.e.s pour voir les d\u00e9fis et solutions \u00e0 la pauvret\u00e9 mondiale au Kenya. <\/p>","protected":false},"author":18,"featured_media":7536,"comment_status":"closed","ping_status":"open","sticky":false,"template":"","format":"standard","meta":{"_seopress_robots_primary_cat":"none","_seopress_titles_title":"Parliamentarians see why Canadian aid matters on delegation to Kenya - Results Canada","_seopress_titles_desc":"During the week of January 16-20, Results Canada had the opportunity to take 4 Members of Parliament to see the challenges and solutions to global poverty in Kenya.","_seopress_robots_index":"","footnotes":""},"categories":[435,377],"tags":[],"class_list":["post-7519","post","type-post","status-publish","format-standard","has-post-thumbnail","hentry","category-on-the-hill","category-parliamentary-affairs"],"_links":{"self":[{"href":"https:\/\/resultscanada.ca\/fr\/wp-json\/wp\/v2\/posts\/7519","targetHints":{"allow":["GET"]}}],"collection":[{"href":"https:\/\/resultscanada.ca\/fr\/wp-json\/wp\/v2\/posts"}],"about":[{"href":"https:\/\/resultscanada.ca\/fr\/wp-json\/wp\/v2\/types\/post"}],"author":[{"embeddable":true,"href":"https:\/\/resultscanada.ca\/fr\/wp-json\/wp\/v2\/users\/18"}],"replies":[{"embeddable":true,"href":"https:\/\/resultscanada.ca\/fr\/wp-json\/wp\/v2\/comments?post=7519"}],"version-history":[{"count":5,"href":"https:\/\/resultscanada.ca\/fr\/wp-json\/wp\/v2\/posts\/7519\/revisions"}],"predecessor-version":[{"id":7561,"href":"https:\/\/resultscanada.ca\/fr\/wp-json\/wp\/v2\/posts\/7519\/revisions\/7561"}],"wp:featuredmedia":[{"embeddable":true,"href":"https:\/\/resultscanada.ca\/fr\/wp-json\/wp\/v2\/media\/7536"}],"wp:attachment":[{"href":"https:\/\/resultscanada.ca\/fr\/wp-json\/wp\/v2\/media?parent=7519"}],"wp:term":[{"taxonomy":"category","embeddable":true,"href":"https:\/\/resultscanada.ca\/fr\/wp-json\/wp\/v2\/categories?post=7519"},{"taxonomy":"post_tag","embeddable":true,"href":"https:\/\/resultscanada.ca\/fr\/wp-json\/wp\/v2\/tags?post=7519"}],"curies":[{"name":"wp","href":"https:\/\/api.w.org\/{rel}","templated":true}]}}