{"id":14143,"date":"2026-08-31T15:54:15","date_gmt":"2026-08-31T20:54:15","guid":{"rendered":"https:\/\/resultscanada.ca\/?p=14143"},"modified":"2026-08-31T15:56:39","modified_gmt":"2026-08-31T20:56:39","slug":"august-campaign-budget-2026","status":"publish","type":"post","link":"https:\/\/resultscanada.ca\/fr\/august-campaign-budget-2026\/","title":{"rendered":"campagne d'ao\u00fbt : Budget 2026"},"content":{"rendered":"<div style=\"height:20px\" aria-hidden=\"true\" class=\"wp-block-spacer\"><\/div>\n\n\n<div id=\"testimonial-block\" class=\"ct-div-block\" ><div id=\"text_block-78-259\" class=\"ct-text-block\" ><p>\u00ab L\u2019aide internationale du Canada n\u2019est pas \u00e0 la hauteur de l\u2019ampleur des besoins mondiaux \u2013\nmais cela peut changer. Alors que d\u2019autres pays prennent la d\u00e9cision dangereuse de r\u00e9duire leur aide internationale, le Canada peut choisir de se mobiliser en cette p\u00e9riode difficile et de faire preuve de leadership en s\u2019appuyant sur ses valeurs profondes. \u00bb<br><br>- Trousse d'outils Budget 2026 de R\u00e9sultats Canada<span style=\"font-style: normal;\"><\/span><\/p><\/div><img decoding=\"async\"  id=\"image-79-259\" alt=\"\" src=\"https:\/\/cdn.resultscanada.ca\/wp-content\/uploads\/quote-icon-mirror.svg\" class=\"ct-image\"\/><\/div>\n\n\n<p class=\"wp-block-paragraph\">Chaque budget repose sur des choix\u202f: ce qu\u2019un gouvernement juge suffisamment important pour le prot\u00e9ger et ce qu\u2019il est pr\u00eat \u00e0 laisser tomber. Bien que la s\u00e9curit\u00e9 et la croissance \u00e9conomique comptent parmi les priorit\u00e9s d\u00e9clar\u00e9es de ce gouvernement, il est important de rappeler \u00e0 nos d\u00e9cideurs.euses que ces priorit\u00e9s ne s\u2019opposent pas \u00e0 l\u2019aide internationale, mais qu\u2019elles reposent sur elle. <a href=\"https:\/\/resultscanada.ca\/fr\/budget-2026-toolkit\/#cents\">Moins de 1\u202f%<\/a> d\u00e9penses f\u00e9d\u00e9rales g\u00e9n\u00e8re des retomb\u00e9es consid\u00e9rables sur ces deux fronts. Dans un monde aussi interconnect\u00e9, ces choix ont des r\u00e9percussions bien au-del\u00e0 du Canada\u202f: ce qui se passe ailleurs influe \u00e9galement sur ce qui se passe ici. Et en ce moment m\u00eame, ces choix sont faits derri\u00e8re des portes closes.<\/p>\n\n\n<style>.wp-block-kadence-advancedbtn.kb-btns14143_641e86-8b{gap:var(--global-kb-gap-xs, 0.5rem );justify-content:center;align-items:center;}.kt-btns14143_641e86-8b .kt-button{font-weight:normal;font-style:normal;}.kt-btns14143_641e86-8b .kt-btn-wrap-0{margin-right:5px;}.wp-block-kadence-advancedbtn.kt-btns14143_641e86-8b .kt-btn-wrap-0 .kt-button{color:#555555;border-color:#555555;}.wp-block-kadence-advancedbtn.kt-btns14143_641e86-8b .kt-btn-wrap-0 .kt-button:hover, .wp-block-kadence-advancedbtn.kt-btns14143_641e86-8b .kt-btn-wrap-0 .kt-button:focus{color:#ffffff;border-color:#444444;}.wp-block-kadence-advancedbtn.kt-btns14143_641e86-8b .kt-btn-wrap-0 .kt-button::before{display:none;}.wp-block-kadence-advancedbtn.kt-btns14143_641e86-8b .kt-btn-wrap-0 .kt-button:hover, .wp-block-kadence-advancedbtn.kt-btns14143_641e86-8b .kt-btn-wrap-0 .kt-button:focus{background:#444444;}<\/style>\n<div class=\"wp-block-kadence-advancedbtn kb-buttons-wrap kb-btns14143_641e86-8b\"><style>ul.menu .wp-block-kadence-advancedbtn .kb-btn14143_391b5e-1b.kb-button{width:initial;}.wp-block-kadence-advancedbtn .kb-btn14143_391b5e-1b.kb-button{background:#29b5cf;font-family:'Open Sans';font-weight:400;}.wp-block-kadence-advancedbtn .kb-btn14143_391b5e-1b.kb-button:hover, .wp-block-kadence-advancedbtn .kb-btn14143_391b5e-1b.kb-button:focus{background:#d50032;}<\/style><a class=\"kb-button kt-button button kb-btn14143_391b5e-1b kt-btn-size-large kt-btn-width-type-auto kb-btn-global-fill kt-btn-has-text-true kt-btn-has-svg-false wp-block-kadence-singlebtn\" href=\"https:\/\/resultscanada.ca\/fr\/budget-2026-toolkit\/\"><span class=\"kt-btn-inner-text\"><strong>votre Trousse d'outils Budget 2026<\/strong><\/span><\/a><\/div>\n\n\n\n<p class=\"wp-block-paragraph\"><\/p>\n\n\n\n<p class=\"wp-block-paragraph\">Si nous voulons que le budget\u202f2026 (attendu en octobre ou en novembre) soit \u00e0 notre image et refl\u00e8te nos valeurs ainsi que notre conviction qu\u2019il est possible de mettre fin \u00e0 l\u2019extr\u00eame pauvret\u00e9, nous devons nous assurer que les d\u00e9cideurs.euses canadien.ne.s sachent que <strong>les gens de ce pays se sentent concern\u00e9s<\/strong>. <\/p>\n\n\n\n<p class=\"wp-block-paragraph\">Trop souvent, les politicien.ne.s affirment que leurs \u00e9lecteurs.rices ne se soucient pas de l\u2019aide internationale. <strong>Nous savons que ce n\u2019est pas vrai<\/strong>. Chaque mois, des centaines de b\u00e9n\u00e9voles de R\u00e9sultats passent \u00e0 l\u2019action, tandis que des millions de Canadien.ne.s consacrent leur temps et leur argent durement gagn\u00e9s \u00e0 des centaines d\u2019organisations qui contribuent \u00e0 b\u00e2tir des communaut\u00e9s plus saines et plus prosp\u00e8res partout dans le monde.<\/p>\n\n\n\n<p class=\"has-white-color has-text-color has-background wp-block-paragraph\" style=\"background-color:#d50032\"><strong>La demande :<\/strong> Nous demandons au Canada de mettre fin aux compressions dans l\u2019aide internationale dans le budget\u202f2026 et de r\u00e9investir dans notre monde.<\/p>\n\n\n\n<p class=\"wp-block-paragraph\">Le Canada poss\u00e8de une fi\u00e8re tradition non partisane de soutien \u00e0 la sant\u00e9, aux droits et au bien-\u00eatre des populations du monde entier, une tradition dont les gens au Canada sont \u00e0 juste titre fiers. Depuis des d\u00e9cennies et sous diff\u00e9rents gouvernements, les Canadien.ne.s contribuent \u00e0 faire progresser l\u2019\u00e9quit\u00e9 en sant\u00e9 et l\u2019\u00e9ducation, ainsi qu\u2019aux efforts visant \u00e0 pr\u00e9venir les maladies et les conflits. <em>Ouvrez le menu d\u00e9roulant \u2193 pour en savoir plus.<\/em><\/p>\n\n\n<div id=\"div_block-96-321\" class=\"ct-div-block\" ><div id=\"_toggle-97-321\" class=\"oxy-toggle toggle-4095 toggle-4095-expanded\"  data-oxy-toggle-initial-state=\"closed\" data-oxy-toggle-active-class=\"toggle-4095-expanded\" >\n\t\t\t<div class='oxy-expand-collapse-icon' href='#'><\/div>\n\t\t\t<div class='oxy-toggle-content'>\n                <h4 id=\"headline-98-321\" class=\"ct-headline\">l\u2019h\u00e9ritage du Canada sur la sc\u00e8ne internationale\u202f    <\/h4>\t\t\t<\/div>\n\t\t<\/div><div id=\"_rich_text-99-321\" class=\"oxy-rich-text\" ><ul>\n<li>In 2018, we created\u202fthe <a href=\"https:\/\/www.international.gc.ca\/world-monde\/international_relations-relations_internationales\/g7\/documents\/charlevoix-education.aspx?lang=fra\" target=\"_blank\" rel=\"noopener\">l\u2019Initiative de Charlevoix sur l\u2019\u00e9ducation<\/a>, qui soutenait l\u2019\u00e9ducation des femmes et des filles vivant dans des situations de crise. Notre investissement de 400\u202fmillions de dollars a permis de rejoindre plus de 4\u202fmillions de femmes et de filles vivant dans des contextes fragiles et de leur donner acc\u00e8s \u00e0 une \u00e9ducation s\u00fbre et de qualit\u00e9. L\u2019Initiative de Charlevoix a \u00e9galement permis de mobiliser 3,8\u202fmilliards de dollars aupr\u00e8s des partenaires du G7.&nbsp;&nbsp;<\/li>\n<li>Depuis la cr\u00e9ation du<a href=\"https:\/\/www.theglobalfund.org\/en\/government\/profiles\/canada\/\">Fonds mondial de lutte contre le sida, la tuberculose et le paludisme<\/a> en 2002, le Canada lui apporte un soutien de longue date, contribuant ainsi \u00e0 sauver plus de 70 millions de vies et \u00e0 r\u00e9duire de 61\u202f% le taux de mortalit\u00e9 combin\u00e9 attribuable au sida, \u00e0 la tuberculose et au paludisme.\u202f<\/li>\n<li>Depuis des d\u00e9cennies, le Canada joue un r\u00f4le de premier plan dans la lutte contre la malnutrition dans le monde. Nous sommes le plus important donateur \u00e0 la suppl\u00e9mentation en vitamine A, qui a contribu\u00e9 \u00e0 sauver la vie de plus de <a href=\"https:\/\/www.nutritionintl.org\/fr\/notre-travail\/les-micronutriments\/vitamine-a\/\">7 millions d\u2019enfants<\/a> et la nutrition repr\u00e9sentait pr\u00e8s du tiers des d\u00e9penses en sant\u00e9 dans le cadre de notre <a href=\"https:\/\/www.canada.ca\/fr\/nouvelles\/archive\/2011\/09\/projets-relevant-programme-partenariat-initiative-muskoka.html\">initiative de Muskoka de 2010<\/a>Investir dans la nutrition procure des <a href=\"https:\/\/www.worldbank.org\/en\/topic\/nutrition\/publication\/investment-framework-nutrition\">avantages durables<\/a>, avec un rendement d\u2019au moins 23\u202f$ pour chaque dollar investi dans la lutte contre la d\u00e9nutrition.&nbsp;<\/li>\n<li>Le Canada a \u00e9t\u00e9 le <a href=\"https:\/\/www.international.gc.ca\/world-monde\/issues_development-enjeux_developpement\/global_health-sante_mondiale\/polio.aspx?lang=fra\">premier pays<\/a> \u00e0 financer la lutte mondiale pour l\u2019\u00e9radication de la poliomy\u00e9lite et a maintenu un soutien ind\u00e9fectible sous les gouvernements successifs. Gr\u00e2ce \u00e0 une contribution historique de plus de 1 milliard de dollars, le Canada a jou\u00e9 un r\u00f4le majeur dans la r\u00e9duction de <a href=\"https:\/\/www.endpolio.org\/\">99,9 % des cas<\/a> de poliovirus sauvage depuis 1988.\u00a0&nbsp;&nbsp;<\/li>\n<li>Depuis\u202f2002, le Canada a \u00e9galement investi plus de 1,6\u202fmilliard de dollars dans<a href=\"https:\/\/www.gavi.org\/fr\">Gavi, l\u2019Alliance du vaccin<\/a>, ce qui a permis de vacciner 1\u202fmilliard d\u2019enfants et de sauver 17\u202fmillions de vies. Cela a contribu\u00e9 \u00e0 renforcer les syst\u00e8mes de vaccination dans plus de 60 pays et a g\u00e9n\u00e9r\u00e9, dans les pays b\u00e9n\u00e9ficiaires, des<a href=\"https:\/\/www.gavi.org\/fr\/investir-dans-gavi\">retomb\u00e9es \u00e9conomiques de 54\u202f$<\/a>pour chaque dollar investi.&nbsp;<\/li>\n<li>Depuis 2017, le Canada est l\u2019un des principaux pays \u00e0 soutenir la <a href=\"https:\/\/cepi.net\/\">Coalition pour les innovations en mati\u00e8re de pr\u00e9paration aux \u00e9pid\u00e9mies (CEPI)<\/a>, contribuant ainsi \u00e0 acc\u00e9l\u00e9rer la mise au point de vaccins contre les nouvelles menaces de maladies infectieuses. L\u2019investissement du Canada a port\u00e9 ses fruits pendant la pand\u00e9mie de COVID-19, au cours de laquelle la CEPI a contribu\u00e9 \u00e0 sauver plus de 2,7 millions de vies.&nbsp;<\/li>\n<\/ul><\/div><\/div>\n\n\n<p class=\"wp-block-paragraph\">C\u2019est gr\u00e2ce au leadership de pays comme le Canada que notre monde est en meilleure sant\u00e9 et plus prosp\u00e8re qu\u2019il ne l\u2019\u00e9tait il y a \u00e0 peine 20 ans. L\u2019une des plus grandes r\u00e9alisations de ce mill\u00e9naire a \u00e9t\u00e9 la <a href=\"https:\/\/data.unicef.org\/resources\/levels-and-trends-in-child-mortality-2024\/\">r\u00e9duction du taux de mortalit\u00e9 infantile \u00e0 son plus bas niveau jamais enregistr\u00e9<\/a>. Cela signifie qu\u2019un plus grand nombre d\u2019enfants peuvent grandir et profiter de tout ce que la vie a \u00e0 offrir, et <strong>le Canada a jou\u00e9 un r\u00f4le majeur<\/strong> dans cette r\u00e9alisation remarquable.\u00a0<\/p>\n\n\n\n<p class=\"wp-block-paragraph\">Cependant, m\u00eame ces progr\u00e8s sont aujourd\u2019hui menac\u00e9s. <strong>En 2025, pour la premi\u00e8re fois de ce si\u00e8cle, <a href=\"https:\/\/goalkeepers.gatesfoundation.org\/report\/2025-report\/#WeCantStopAtAlmost\">le nombre de d\u00e9c\u00e8s d\u2019enfants aura <em>augment\u00e9<\/em><\/a>,<\/strong> alors que les famines, les conflits et les crises se sont multipli\u00e9s et intensifi\u00e9s, les pays riches ont d\u00e9tourn\u00e9 le regard et r\u00e9duit leur aide internationale. Le Canada en a fait autant. Malgr\u00e9 ses <a href=\"https:\/\/www.youtube.com\/watch?v=ZOdPoZxWUkI\">promesses<\/a> du contraire, le Canada a <a href=\"https:\/\/resultscanada.ca\/fr\/press-release-carney-breaks-promise-and-cuts-aid-in-budget-2025\/\">r\u00e9duit l\u2019aide internationale<\/a> de <a href=\"https:\/\/budget.canada.ca\/2025\/home-accueil-fr.html\">2,7\u202fmilliards de dollars<\/a> sur quatre ans. <\/p>\n\n\n\n<p class=\"wp-block-paragraph\">Se d\u00e9sengager du reste du monde au moment o\u00f9 l\u2019aide du Canada \u00e9tait la plus n\u00e9cessaire \u00e9tait <strong>le mauvais choix<\/strong>.<\/p>\n\n\n<div id=\"div_block-96-321\" class=\"ct-div-block\" ><div id=\"_toggle-97-321\" class=\"oxy-toggle toggle-4095 toggle-4095-expanded\"  data-oxy-toggle-initial-state=\"closed\" data-oxy-toggle-active-class=\"toggle-4095-expanded\" >\n\t\t\t<div class='oxy-expand-collapse-icon' href='#'><\/div>\n\t\t\t<div class='oxy-toggle-content'>\n                <h4 id=\"headline-98-321\" class=\"ct-headline\">ce que le monde risque de perdre en raison des coupes    <\/h4>\t\t\t<\/div>\n\t\t<\/div><div id=\"_rich_text-99-321\" class=\"oxy-rich-text\" ><p>Les pays du G7, qui fournissent environ les trois quarts de toute l\u2019aide internationale, pr\u00e9voient de<a href=\"https:\/\/www.oxfam.org\/fr\/communiques-presse\/la-plus-forte-reduction-de-laide-jamais-decidee-par-les-membres-du-g7\">r\u00e9duire leurs d\u00e9penses d\u2019aide de 28\u202f%<\/a>en 2026. Il s\u2019agirait de la plus importante r\u00e9duction jamais enregistr\u00e9e par les membres du G7.\u202fLes cons\u00e9quences de ces compressions sont alarmantes et pourraient entra\u00eener\u202f:&nbsp;&nbsp;<\/p>\n<ul>\n<li>entre<a href=\"https:\/\/www.devex.com\/news\/aid-cuts-could-lead-to-millions-of-deaths-by-decade-s-end-new-study-finds-111801\">9,4\u202fmillions et 22,6\u202fmillions<\/a>de d\u00e9c\u00e8s \u00e9vitables d\u2019ici 2030\u2009;\u202f&nbsp;<\/li>\n<li><a href=\"https:\/\/www.oxfamamerica.org\/explore\/issues\/making-foreign-aid-work\/what-do-trumps-proposed-foreign-aid-cuts-mean\/\">23 millions d'enfants<\/a> qui perdront d\u2019acc\u00e8s \u00e0 l\u2019\u00e9ducation ;&nbsp;<\/li>\n<li><a href=\"https:\/\/focus2030.org\/les-consequences-de-la-nouvelle-presidence-de-donald-trump-sur-le-developpement-international-decryptage\/\">200 000 cas suppl\u00e9mentaires<\/a>de poliomy\u00e9lite paralytique chaque ann\u00e9e\u2009;\u202f\u202f&nbsp;<\/li>\n<li><a href=\"https:\/\/www.kff.org\/global-health-policy\/the-trump-administrations-foreign-aid-review-status-of-u-s-global-tuberculosis-efforts\/\">10,7\u202fmillions<\/a>de cas suppl\u00e9mentaires de tuberculose d\u2019ici 2030.&nbsp;<\/li>\n<\/ul><\/div><\/div>\n\n\n<p class=\"wp-block-paragraph\">Nous voyons les cons\u00e9quences de ces compressions se manifester sous nos yeux, alors que les \u00e9closions d\u2019Ebola se poursuivent en R\u00e9publique d\u00e9mocratique du Congo et en Ouganda. De nombreux.ses expert.e.s affirment que les compressions d\u00e9vastatrices dans l\u2019aide ont retard\u00e9 la d\u00e9tection de l\u2019\u00e9pid\u00e9mie d\u2019Ebola et que le virus aurait pu <a href=\"https:\/\/www.who.int\/emergencies\/disease-outbreak-news\/item\/2026-DON603\">se propager pendant des semaines<\/a> avant que l\u2019\u00e9pid\u00e9mie ne soit d\u00e9clar\u00e9e. Aujourd\u2019hui encore, les efforts visant \u00e0 freiner la propagation du virus Ebola sont entrav\u00e9s par un manque de financement, qui complique la <a href=\"https:\/\/www.cbc.ca\/news\/world\/ebola-outbreak-aid-cuts-who-9.7225069\">recherche des contacts<\/a> et retarde l\u2019acheminement de <a href=\"https:\/\/www.oxfam.org\/fr\/communiques-presse\/selon-oxfam-lampleur-de-lepidemie-debola-serait-sous-estimee\">l\u2019\u00e9quipement de protection individuelle<\/a> aux \u00e9quipes sur le terrain. Consultez notre <a href=\"https:\/\/cdn.resultscanada.ca\/wp-content\/uploads\/Results-Canada-Budget-2026-Toolkit-CaseStudy-1_DRC-FR.pdf\">\u00e9tude de cas<\/a> pour en savoir plus.<\/p>\n\n\n<div id=\"div_block-96-321\" class=\"ct-div-block\" ><div id=\"_toggle-97-321\" class=\"oxy-toggle toggle-4095 toggle-4095-expanded\"  data-oxy-toggle-initial-state=\"closed\" data-oxy-toggle-active-class=\"toggle-4095-expanded\" >\n\t\t\t<div class='oxy-expand-collapse-icon' href='#'><\/div>\n\t\t\t<div class='oxy-toggle-content'>\n                <h4 id=\"headline-98-321\" class=\"ct-headline\">les coupes menacent la prosp\u00e9rit\u00e9 et la s\u00e9curit\u00e9 du Canada    <\/h4>\t\t\t<\/div>\n\t\t<\/div><div id=\"_rich_text-99-321\" class=\"oxy-rich-text\" ><p>En s\u2019attaquant aux causes profondes de la pauvret\u00e9 et de l\u2019instabilit\u00e9 \u00e0 l\u2019\u00e9tranger, l\u2019aide internationale produit des r\u00e9sultats concrets qui renforcent la prosp\u00e9rit\u00e9 \u00e9conomique, la s\u00e9curit\u00e9 nationale et l\u2019influence du Canada dans le monde.&nbsp;&nbsp;<\/p>\n<p><strong>Commerce et r\u00e9silience \u00e9conomique\u202f:<\/strong> L\u2019aide internationale permet au Canada de diversifier ses \u00e9changes commerciaux au-del\u00e0 des \u00c9tats-Unis. Chaque dollar investi dans l\u2019aide internationale g\u00e9n\u00e8re <a href=\"https:\/\/web.archive.org\/web\/20240212174721\/https:\/\/cidpnsi.ca\/wp-content\/uploads\/2017\/11\/Trade-with-Developing-Countries-Development-Assistance.pdf\">1,19\u202f$ en exportations canadiennes<\/a>. D\u2019anciens pays b\u00e9n\u00e9ficiaires de l\u2019aide, comme le Chili, l\u2019Afrique du Sud et le Vietnam, sont aujourd\u2019hui d\u2019importants partenaires commerciaux.&nbsp;<\/p>\n<p><strong>S\u00e9curit\u00e9 nationale\u202f:<\/strong> Pr\u00e9venir les conflits co\u00fbte <a href=\"https:\/\/studylib.net\/doc\/18162619\/preventing-war-is-60-times-cheaper-than-fighting-it\">60 fois moins cher<\/a> que faire la guerre. Chaque dollar consacr\u00e9 \u00e0 la pr\u00e9vention permet <a href=\"https:\/\/blogs.worldbank.org\/en\/voices\/investing-prevention-new-world-bank-group-approach-crisis\">d\u2019\u00e9conomiser 16\u202f$<\/a> en interventions humanitaires. L\u2019aide contribue \u00e0 freiner l\u2019instabilit\u00e9 \u00e0 l\u2019\u00e9tranger avant que ses r\u00e9percussions n\u2019atteignent le Canada.&nbsp;<\/p>\n<p><strong>Pr\u00e9paration en cas de pand\u00e9mie\u202f:<\/strong> L\u2019aide nous prot\u00e8ge contre les pand\u00e9mies mondiales. Chaque dollar investi dans la pr\u00e9paration, la pr\u00e9vention et la r\u00e9ponse aux pand\u00e9mies g\u00e9n\u00e8re <a href=\"https:\/\/www.thepandemicfund.org\/sites\/default\/files\/2024-07\/InvestmentCase.pdf#:~:text=EverydollarinvestedinpandemicPPRis,withtwiceasmuchindomesticfinancing.\">environ 14\u202fdollars<\/a> de retomb\u00e9es \u00e9conomiques et sanitaires.&nbsp;<\/p>\n<p><strong>Solutions con\u00e7ues au Canada :<\/strong> Des chercheurs.euses et des fabricant.e.s canadien.ne.s \u00e9tudient les maladies infectieuses (<a href=\"https:\/\/bit.ly\/ScienceFairMap\">consultez notre carte<\/a>), mettent au point des outils de sant\u00e9 novateurs, produisent des aliments d\u2019urgence et bien plus encore. Investir dans l\u2019aide soutient leur travail, stimule notre \u00e9conomie, favorise l\u2019innovation au pays et renforce notre r\u00e9silience.&nbsp;<\/p><\/div><\/div>\n\n\n<p class=\"wp-block-paragraph\"><strong>As advocates,&nbsp;we\u2019ve&nbsp;made a different choice: we choose to&nbsp;fight for&nbsp;progress, health, and&nbsp;justice;&nbsp;we choose our world.&nbsp;And&nbsp;it\u2019s&nbsp;our responsibility to&nbsp;call on&nbsp;our government to do the same.&nbsp;&nbsp;<\/strong><\/p>\n\n\n\n<p class=\"has-white-color has-text-color has-background wp-block-paragraph\" style=\"background-color:#d50032\"><strong>La demande :<\/strong> Nous demandons au Canada de mettre fin aux compressions dans l\u2019aide internationale dans le budget\u202f2026 et de r\u00e9investir dans notre monde.<\/p>\n\n\n\n<div style=\"height:4px\" aria-hidden=\"true\" class=\"wp-block-spacer\"><\/div>\n\n\n\n<p class=\"has-text-color wp-block-paragraph\" style=\"color:#d50032;font-size:30px\"><strong>derni\u00e8res nouvelles de nos campagne\u202f<\/strong><\/p>\n\n\n\n<p class=\"wp-block-paragraph\"><strong>s\u00e9curiser l\u2019avenir<\/strong><\/p>\n\n\n\n<ul class=\"wp-block-list\">\n<li>Merci \u00e0 tous nos b\u00e9n\u00e9voles qui se sont mobilis\u00e9.e.s dans le cadre de la campagne <strong>s\u00e9curiser l'avenir<\/strong> en soutien \u00e0 la Mission des 100 jours et \u00e0 la Coalition pour la pr\u00e9paration aux \u00e9pid\u00e9mies et l'innovation. Ensemble, vous avez r\u00e9dig\u00e9 <strong>184 <\/strong>184 lettres ouvertes aux journaux, dont <strong>45 <\/strong>ont \u00e9t\u00e9 publi\u00e9es, et vous avez contact\u00e9 directement <strong>31<\/strong> parlementaires. Il s'agit l\u00e0 d'une pression r\u00e9elle et soutenue que les d\u00e9cideurs ne peuvent ignorer !<\/li>\n\n\n\n<li>Ce travail est d\u2019une importance cruciale en ce moment m\u00eame. <a href=\"https:\/\/www.theguardian.com\/global-development\/2026\/jul\/31\/ebola-outbreak-in-drc-the-fastest-growing-in-the-history-of-the-virus\">l\u2019\u00e9pid\u00e9mie actuelle d\u2019Ebola<\/a> nous rappelle que la prochaine urgence sanitaire n\u2019est jamais tr\u00e8s loin, et que les pays qui investissent aujourd\u2019hui dans la pr\u00e9paration sauvent des vies \u2013 et r\u00e9alisent des \u00e9conomies \u2013 demain. <strong>Votre plaidoyer porte ses fruits.<\/strong> Lors de nos r\u00e9centes rencontres avec les pouvoirs publics, nous avons pu constater que les d\u00e9cideurs.ses sont \u00e0 l\u2019\u00e9coute et prennent conscience de la constance de cette pression. Nous continuerons \u00e0 faire pression sur le Canada pour qu\u2019il soit pr\u00e9sent aux moments cl\u00e9s, notamment lors de la r\u00e9union de haut niveau des Nations unies sur la pr\u00e9vention, la pr\u00e9paration et la r\u00e9ponse aux pand\u00e9mies qui se tiendra en septembre prochain, avec un engagement concret, et pas seulement une d\u00e9claration.<\/li>\n<\/ul>\n\n\n\n<p class=\"has-text-color wp-block-paragraph\" style=\"color:#d50032;font-size:30px\"><strong>histoire<\/strong><\/p>\n\n\n\n<p class=\"wp-block-paragraph\">Notre trousse budg\u00e9taire contient des <a href=\"https:\/\/resultscanada.ca\/fr\/budget-2026-toolkit\/#case\">\u00e9tudes de cas<\/a> qui montrent les r\u00e9percussions concr\u00e8tes des compressions dans l\u2019aide internationale sur les populations concern\u00e9es. Consultez-les pour mieux comprendre la situation et vous aider \u00e0 expliquer \u00e0 votre d\u00e9put\u00e9.e ou \u00e0 d\u2019autres personnes pourquoi nous devons <strong>mettre fin aux coupes<\/strong>:<\/p>\n\n\n\n<ul class=\"wp-block-list\">\n<li><a href=\"https:\/\/cdn.resultscanada.ca\/wp-content\/uploads\/Results-Canada-Budget-2026-Toolkit-CaseStudy-1_DRC-FR.pdf\">l\u2019\u00e9pid\u00e9mie d\u2019Ebola en R\u00e9publique d\u00e9mocratique du Congo (RDC)<\/a><\/li>\n\n\n\n<li><a href=\"https:\/\/cdn.resultscanada.ca\/wp-content\/uploads\/Results-Canada-Budget-2026-Toolkit-CaseStudy-2_Afghanistan-FR.pdf\">l\u2019\u00e9ducation des femmes et des filles en Afghanistan<\/a><\/li>\n\n\n\n<li><a href=\"https:\/\/cdn.resultscanada.ca\/wp-content\/uploads\/Results-Canada-Budget-2026-Toolkit-CaseStudy-3_Sudan-FR.pdf\">la malnutrition infantile et la crise de la faim au Soudan<\/a><\/li>\n<\/ul>\n\n\n\n<p class=\"has-text-color wp-block-paragraph\" style=\"color:#d50032;font-size:30px\"><strong>vid\u00e9o<\/strong><\/p>\n\n\n\n<figure class=\"wp-block-embed is-type-video is-provider-youtube wp-block-embed-youtube wp-embed-aspect-16-9 wp-has-aspect-ratio\"><div class=\"wp-block-embed__wrapper\">\n<iframe loading=\"lazy\" title=\"What is the Federal Budget? \u2014 Youth Voices: Canada&amp;apos;s Priorities\" width=\"500\" height=\"281\" src=\"https:\/\/www.youtube.com\/embed\/gT-3gKvsHNE?feature=oembed\" frameborder=\"0\" allow=\"accelerometer; autoplay; clipboard-write; encrypted-media; gyroscope; picture-in-picture; web-share\" referrerpolicy=\"strict-origin-when-cross-origin\" allowfullscreen><\/iframe>\n<\/div><\/figure>\n\n\n\n<p class=\"wp-block-paragraph\">Apprenez-en davantage sur le fonctionnement du processus budg\u00e9taire f\u00e9d\u00e9ral du Canada et sur l\u2019importance pour les agent.e.s de changement d\u2019y participer, gr\u00e2ce aux explications d\u2019Althia Raj, chroniqueuse nationale au Toronto Star et journaliste politique chevronn\u00e9e.&nbsp;&nbsp;<\/p>\n\n\n\n<div class=\"wp-block-columns is-layout-flex wp-container-core-columns-is-layout-8f761849 wp-block-columns-is-layout-flex\">\n<div class=\"wp-block-column is-layout-flow wp-block-column-is-layout-flow\">\n<h4 class=\"wp-block-heading has-text-color has-link-color wp-elements-7c8f852e9ecb31ce845862e8088442a4\" style=\"color:#d50032\"><strong><mark style=\"background-color:rgba(0, 0, 0, 0);color:#d50032\" class=\"has-inline-color\">ressources<\/mark><\/strong><\/h4>\n\n\n\n<ul class=\"wp-block-list\">\n<li><a href=\"https:\/\/cdn.resultscanada.ca\/wp-content\/uploads\/Results-Canada-Budget-2026-Toolkit-FR-FINAL.pdf\">Trousse d'outils Budget 2026<\/a><\/li>\n\n\n\n<li><a href=\"https:\/\/cdn.resultscanada.ca\/wp-content\/uploads\/Results-Canada-Budget-2026-OnePager-BIL-WEB-1.pdf\">Document d'information bilingue sur le budget 2026<\/a> \u00e0 envoyer ou \u00e0 remettre \u00e0 votre d\u00e9put\u00e9.e<\/li>\n\n\n\n<li>Notre <a href=\"https:\/\/resultscanada.ca\/fr\/overview\/canadian-aid\/\">FAQ sur l\u2019aide canadienne<\/a> pour vous aider \u00e0 r\u00e9pondre aux questions difficiles<\/li>\n<\/ul>\n<\/div>\n\n\n\n<div class=\"wp-block-column is-layout-flow wp-block-column-is-layout-flow\">\n<h4 class=\"wp-block-heading has-text-color has-link-color wp-elements-8ec2fc8f2dfa82341836ca798adcbd7f\" style=\"color:#d50032\"><strong><mark style=\"background-color:rgba(0, 0, 0, 0);color:#d50032\" class=\"has-inline-color\">dates importantes<\/mark><\/strong><\/h4>\n\n\n\n<p class=\"wp-block-paragraph\">6 ao\u00fbt : <a href=\"https:\/\/us02web.zoom.us\/meeting\/register\/lQ_AnnMmRKi9GisG1WbdJw#\/registration\">Lancement d'action de R\u00e9sultats Canada<\/a><br>12 ao\u00fbt : Journ\u00e9e internationale de la jeunesse <br>19 ao\u00fbt : Journ\u00e9e mondiale de l'aide humanitaire<br>20 ao\u00fbt : Journ\u00e9e mondiale du moustique<\/p>\n<\/div>\n<\/div>\n\n\n\n<p class=\"wp-block-paragraph\"><a href=\"https:\/\/resultscanada.ca\/fr\/campaign\/campaign-1\/?ct_builder=true&amp;ct_inner=true\"><\/a><\/p>\n\n\n\n<p class=\"wp-block-paragraph\"><strong>Tags sur X :<\/strong> <a href=\"https:\/\/x.com\/ResultsCda\" data-type=\"link\" data-id=\"https:\/\/x.com\/ResultsCda\" target=\"_blank\" rel=\"noreferrer noopener\">@ResultsCda<\/a>, <a href=\"https:\/\/x.com\/CanadaDev\" data-type=\"link\" data-id=\"https:\/\/x.com\/CanadaDev\">@DevCanada<\/a>, <a href=\"https:\/\/x.com\/MarkJCarney\">@MarkJCarney<\/a>,<a href=\"https:\/\/x.com\/FP_Champagne\">@FP_Champagne<\/a>, <a href=\"https:\/\/x.com\/AnitaAnandMP\" data-type=\"link\" data-id=\"https:\/\/x.com\/AnitaAnandMP\">@AnitaAnandMP<\/a>, <a href=\"https:\/\/x.com\/randeepssarai\">@RandeepSSarai<\/a>, <a href=\"https:\/\/x.com\/YasirNaqviCDN\" data-type=\"link\" data-id=\"https:\/\/x.com\/YasirNaqviCDN\">@YasirNaqviCDN<\/a><\/p>\n\n\n\n<h2 class=\"wp-block-heading has-text-align-center has-white-color has-text-color has-background has-link-color wp-elements-4d645cd46479b155bb513d59649d8e1a\" id=\"actions\" style=\"background-color:#d50032\">ACTIONS<\/h2>\n\n\n\n<h1 class=\"wp-block-heading\"><mark style=\"background-color:rgba(0, 0, 0, 0);color:#d50032\" class=\"has-inline-color\">passez \u00e0 l\u2019action avec notre trousse d'outils<\/mark><\/h1>\n\n\n\n<p class=\"wp-block-paragraph\">Les prochains mois pr\u00e9c\u00e9dant le budget\u202f2026 seront une p\u00e9riode cruciale pour les agent.e.s de changement partout au Canada. C\u2019est le moment de passer \u00e0 l\u2019action et de faire savoir aux d\u00e9cideurs.euses que la lutte contre la pauvret\u00e9 dans le monde vous tient \u00e0 c\u0153ur. <\/p>\n\n\n\n<p class=\"wp-block-paragraph\">Pour vous aider, nous avons cr\u00e9\u00e9 une <a href=\"https:\/\/cdn.resultscanada.ca\/wp-content\/uploads\/Results-Canada-Budget-2026-Toolkit-FR-FINAL.pdf\">trousse d'outils budg\u00e9taire<\/a> qui comprend les mesures et les ressources dont vous avez besoin pour intensifier la mobilisation au cours des prochains mois pr\u00e9c\u00e9dant le budget\u202f2026. Consultez-la et passez \u00e0 l\u2019action d\u00e8s aujourd\u2019hui\u2009!<\/p>\n\n\n<style>.wp-block-kadence-advancedbtn.kb-btns14143_34cb2e-27{gap:var(--global-kb-gap-xs, 0.5rem );justify-content:center;align-items:center;}.kt-btns14143_34cb2e-27 .kt-button{font-weight:normal;font-style:normal;}.kt-btns14143_34cb2e-27 .kt-btn-wrap-0{margin-right:5px;}.wp-block-kadence-advancedbtn.kt-btns14143_34cb2e-27 .kt-btn-wrap-0 .kt-button{color:#555555;border-color:#555555;}.wp-block-kadence-advancedbtn.kt-btns14143_34cb2e-27 .kt-btn-wrap-0 .kt-button:hover, .wp-block-kadence-advancedbtn.kt-btns14143_34cb2e-27 .kt-btn-wrap-0 .kt-button:focus{color:#ffffff;border-color:#444444;}.wp-block-kadence-advancedbtn.kt-btns14143_34cb2e-27 .kt-btn-wrap-0 .kt-button::before{display:none;}.wp-block-kadence-advancedbtn.kt-btns14143_34cb2e-27 .kt-btn-wrap-0 .kt-button:hover, .wp-block-kadence-advancedbtn.kt-btns14143_34cb2e-27 .kt-btn-wrap-0 .kt-button:focus{background:#444444;}<\/style>\n<div class=\"wp-block-kadence-advancedbtn kb-buttons-wrap kb-btns14143_34cb2e-27\"><style>ul.menu .wp-block-kadence-advancedbtn .kb-btn14143_a4dc1e-21.kb-button{width:initial;}.wp-block-kadence-advancedbtn .kb-btn14143_a4dc1e-21.kb-button{background:#29b5cf;font-family:'Open Sans';font-weight:400;}.wp-block-kadence-advancedbtn .kb-btn14143_a4dc1e-21.kb-button:hover, .wp-block-kadence-advancedbtn .kb-btn14143_a4dc1e-21.kb-button:focus{background:#d50032;}<\/style><a class=\"kb-button kt-button button kb-btn14143_a4dc1e-21 kt-btn-size-large kt-btn-width-type-auto kb-btn-global-fill kt-btn-has-text-true kt-btn-has-svg-false wp-block-kadence-singlebtn\" href=\"https:\/\/resultscanada.ca\/fr\/budget-2026-toolkit\/\"><span class=\"kt-btn-inner-text\"><strong>votre Trousse d'outils Budget 2026<\/strong><\/span><\/a><\/div>\n\n\n\n<p class=\"wp-block-paragraph\"><\/p>\n\n\n\n<p class=\"wp-block-paragraph\"><mark style=\"background-color:#fcb900\" class=\"has-inline-color\">Conseil d\u2019expert.e\u202f: <\/mark>les agent.e.s de changement avis\u00e9.e.s n\u2019agissent pas seul.e.s et font conna\u00eetre les gestes porteurs qu\u2019iels ont pos\u00e9s. N\u2019oubliez pas de nous <a href=\"https:\/\/resultscanada.ca\/fr\/track-actions\/\">rapportez vos actions<\/a>!<\/p>\n\n\n<div class=\"wp-block-image\">\n<figure class=\"aligncenter size-full is-resized\"><a href=\"https:\/\/resultscanada.ca\/fr\/budget-2026-toolkit\/\"><img loading=\"lazy\" decoding=\"async\" width=\"732\" height=\"950\" src=\"https:\/\/cdn.resultscanada.ca\/wp-content\/uploads\/toolkit-cover_fr.jpg\" alt=\"\" class=\"wp-image-14072\" style=\"width:465px;height:auto\" srcset=\"https:\/\/cdn.resultscanada.ca\/wp-content\/uploads\/toolkit-cover_fr.jpg 562w, https:\/\/cdn.resultscanada.ca\/wp-content\/uploads\/toolkit-cover_fr-230x300.jpg 230w, https:\/\/cdn.resultscanada.ca\/wp-content\/uploads\/toolkit-cover_fr-9x12.jpg 9w\" sizes=\"auto, (max-width: 732px) 100vw, 732px\" \/><\/a><\/figure>\n<\/div>\n\n\n<p class=\"wp-block-paragraph\"><\/p>\n\n\n\n<h1 class=\"wp-block-heading\"><mark style=\"background-color:rgba(0, 0, 0, 0);color:#d50032\" class=\"has-inline-color\">rendez-vous au bureau de votre d\u00e9put\u00e9.e<\/mark><\/h1>\n\n\n\n<p class=\"wp-block-paragraph\">Saviez-vous que votre d\u00e9put\u00e9.e dispose d\u2019un bureau consacr\u00e9 aux services \u00e0 la communaut\u00e9\u2009? La plupart des d\u00e9put\u00e9.e.s ont un bureau de circonscription dans leur propre circonscription afin de servir et d\u2019\u00e9couter les membres de la communaut\u00e9 comme vous\u2009!<\/p>\n\n\n\n<p class=\"wp-block-paragraph\">Ce mois-ci, prenez le temps de vous rendre au bureau de circonscription de votre d\u00e9put\u00e9.e, d\u2019y remettre notre <a href=\"https:\/\/cdn.resultscanada.ca\/wp-content\/uploads\/Results-Canada-Budget-2026-OnePager-BIL-WEB-1.pdf\">Document d'information bilingue sur le budget 2026<\/a>, et de discuter avec son personnel des raisons pour lesquelles les compressions dans l\u2019aide internationale doivent cesser dans le budget\u202f2026.<\/p>\n\n\n\n<p class=\"wp-block-paragraph\">Si votre d\u00e9put\u00e9.e n\u2019a pas de bureau de circonscription ouvert au public ou si personne ne r\u00e9pond \u00e0 la porte, essayez plut\u00f4t de t\u00e9l\u00e9phoner \u00e0 son bureau\u2009!<\/p>\n\n\n\n<p class=\"wp-block-paragraph\">Pour savoir qui est votre d\u00e9put\u00e9.e et obtenir l\u2019adresse et le num\u00e9ro de t\u00e9l\u00e9phone de son bureau, saisissez votre code postal <a href=\"https:\/\/www.noscommunes.ca\/Members\/fr\" data-type=\"link\" data-id=\"https:\/\/www.ourcommons.ca\/Members\/en\" target=\"_blank\" rel=\"noreferrer noopener\">ici<\/a>, puis cliquez sur \u00ab\u2009Contact\u2009\u00bb.<\/p>\n\n\n\n<h2 class=\"wp-block-heading\"><mark style=\"background-color:rgba(0, 0, 0, 0);color:#29b5cf\" class=\"has-inline-color\">conseils<\/mark><\/h2>\n\n\n\n<ul class=\"wp-block-list has-pale-ocean-gradient-background has-background\">\n<li>Consultez les <a href=\"https:\/\/resultscanada.ca\/fr\/budget-2026-toolkit\/#key\">messages cl\u00e9s<\/a> et les <a href=\"https:\/\/resultscanada.ca\/fr\/budget-2026-toolkit\/#case\">\u00e9tudes de cas<\/a> de notre <a href=\"https:\/\/resultscanada.ca\/fr\/budget-2026-toolkit\/\">trousse d\u2019outils<\/a> sur le budget\u202f2026 afin de vous pr\u00e9parer \u00e0 discuter avec le personnel de votre d\u00e9put\u00e9.e.<\/li>\n\n\n\n<li>Faites un suivi ! Les d\u00e9put\u00e9.e.s re\u00e7oivent chaque jour des centaines d'e-mails, d'appels et de visites. Si vous n'avez pas de r\u00e9ponse au bout d'une semaine environ, relancez-les par courriel et\/ou appelez leur bureau.<\/li>\n<\/ul>\n\n\n\n<h1 class=\"wp-block-heading\"><mark style=\"background-color:rgba(0, 0, 0, 0);color:#d50032\" class=\"has-inline-color\">\u00e9crivez une lettre ouverte aux journaux<\/mark><\/h1>\n\n\n\n<p class=\"wp-block-paragraph\">Votre lettre ouverte aux journaux peut contribuer \u00e0 faire \u00e9voluer le d\u00e9bat. Les repr\u00e9sentant.e.s du gouvernement d\u00e9cident en ce moment m\u00eame de la mani\u00e8re dont le Canada se pr\u00e9sentera au Sommet des dirigeant.e.s du G7 en juin \u2014 et la pression publique a son importance. \u00c9crivez \u00e0 votre journal local ou national pour faire valoir que la pr\u00e9paration aux pand\u00e9mies n\u2019est pas une question d\u2019aide \u00e9trang\u00e8re. C\u2019est une question de s\u00e9curit\u00e9, une question \u00e9conomique et une question de valeurs. Utilisez les \u00e9pid\u00e9mies actuelles d\u2019Ebola et de hantavirus pour d\u00e9montrer le besoin urgent d\u2019investissements dans la pr\u00e9paration aux pand\u00e9mies par l\u2019entremise de la CEPI.<\/p>\n\n\n\n<p class=\"wp-block-paragraph\">Une touche personnelle permet \u00e0 une lettre de se d\u00e9marquer. Que vous travailliez dans le milieu de la sant\u00e9 ou des sciences, que vous \u00e9leviez des enfants ou que vous r\u00e9sidiez simplement au Canada apr\u00e8s avoir v\u00e9cu la COVID-19, votre exp\u00e9rience apporte au public un point de vue que les statistiques ne peuvent pas offrir. Tous les faits et les chiffres dont vous avez besoin se trouvent dans cet appel \u00e0 l\u2019action.<\/p>\n\n\n\n<p class=\"wp-block-paragraph\">Pour augmenter encore vos chances de publication, envoyez votre lettre ouverte aux journaux locaux et communautaires.<\/p>\n\n\n<div id=\"div_block-96-321\" class=\"ct-div-block\" ><div id=\"_toggle-97-321\" class=\"oxy-toggle toggle-4095 toggle-4095-expanded\"  data-oxy-toggle-initial-state=\"closed\" data-oxy-toggle-active-class=\"toggle-4095-expanded\" >\n\t\t\t<div class='oxy-expand-collapse-icon' href='#'><\/div>\n\t\t\t<div class='oxy-toggle-content'>\n                <h4 id=\"headline-98-321\" class=\"ct-headline\"> suivez ces directives \u00e9tape par \u00e9tape pour r\u00e9diger une lettre ouverte aux journaux<\/h4>\t\t\t<\/div>\n\t\t<\/div><div id=\"_rich_text-99-321\" class=\"oxy-rich-text\" ><p>Nos b\u00e9n\u00e9voles consacrent en moyenne 1 \u00e0 2 heures \u00e0 la recherche et \u00e0 la planification, 30 minutes \u00e0 la r\u00e9daction de leur projet et 15 minutes \u00e0 sa soumission aux journaux.&nbsp;<\/p>\n<ol>\n<li>Lisez notre\u00a0<a href=\"https:\/\/bit.ly\/ActionResultatsCanada\" target=\"_blank\" rel=\"noopener\">appel \u00e0 l'action<\/a>&nbsp;actuel et prenez note de la \u00ab demande \u00bb.&nbsp;<\/li>\n<li>Effectuez une recherche sur l\u2019enjeu en question en lisant les nouvelles ou en consultant des sources fiables (comme l\u2019Organisation mondiale de la sant\u00e9).&nbsp;<\/li>\n<li>R\u00e9digez votre lettre ouverte aux journaux. Elle n\u2019a pas besoin d\u2019\u00eatre parfaite et vous n\u2019avez pas besoin non plus d\u2019\u00eatre un.e expert.e pour avoir une opinion.\n<ul>\n<li>Dressez la structure de votre lettre en utilisant le&nbsp;<a href=\"https:\/\/cdn.resultscanada.ca\/wp-content\/uploads\/sexprimer-avec-conviction.pdf\" target=\"_blank\" rel=\"noopener\">mod\u00e8le \u00ab\u2009\u00c9PIC \u00bb<\/a>.&nbsp;<\/li>\n<li>Synth\u00e9tisez au maximum \u2013 150 \u00e0 200 mots. Plus votre lettre sera claire et concise, plus vous aurez des chances qu\u2019elle soit publi\u00e9e.&nbsp;<\/li>\n<li>Concentrez-vous sur votre point de vue \u00e0 vous et parlez avec votre c\u0153ur tout en appuyant votre opinion avec des faits tir\u00e9s de notre&nbsp;<a href=\"https:\/\/bit.ly\/ActionResultatsCanada\" target=\"_blank\" rel=\"noopener\">appel \u00e0 l'action<\/a>&nbsp;et de vos recherches.&nbsp;<\/li>\n<li>Rappelez-vous de mentionner le probl\u00e8me d\u00e8s le d\u00e9part et d\u2019inclure une solution au probl\u00e8me soulev\u00e9 \u2013 qui est g\u00e9n\u00e9ralement la \u00ab demande \u00bb se trouvant dans l'&nbsp;<a href=\"https:\/\/bit.ly\/ActionResultatsCanada\" target=\"_blank\" rel=\"noopener\">appel \u00e0 l'action<\/a>.&nbsp;<\/li>\n<li>R\u00e9digez un titre accrocheur qui attirera l\u2019attention de vos lecteurs et lectrices.&nbsp;<\/li>\n<li>R\u00e9visez votre texte en vous assurant qu\u2019il respecte un langage inclusif. Jetez un \u0153il aux meilleures pratiques pour adopter une approche anti-oppression.&nbsp;<\/li>\n<\/ul>\n<\/li>\n<li>D\u00e9terminez si vous envoyez votre lettre ouverte \u00e0 un seul journal ou \u00e0 plusieurs. Si vous le transmettez \u00e0 plusieurs journaux, ajoutez leurs adresses courriel dans le champ Bcc. Utilisez notre liste de<a href=\"https:\/\/tinyurl.com\/RCGetPublished\" target=\"_blank\" rel=\"noopener\">contacts m\u00e9dias<\/a>&nbsp;for options.&nbsp;&nbsp;<\/li>\n<li>Appuyez sur \u00ab envoyer \u00bb \u2013 f\u00e9licitations ! N'oubliez pas de nous faire savoir que vous avez envoy\u00e9 une lettre au moyen de notre&nbsp;<a href=\"https:\/\/resultscanada.ca\/fr\/track-actions\/\">formulaire<\/a>&nbsp;ou en informant votre chef.fe de groupe. Si vous ne faites pas partie d'un groupe, contactez-nous \u00e0&nbsp;<a href=\"mailto:action@resultscanada.ca\" target=\"_blank\" rel=\"noopener\">action@resultscanada.ca<\/a>. Si vous n'\u00eates pas encore b\u00e9n\u00e9vole,&nbsp;<a href=\"https:\/\/resultscanada.ca\/fr\/join-us\/#headline-78-796\">rejoignez-nous<\/a>!<\/li>\n<li>Envoyez votre lettre ouverte \u00e0 votre<a href=\"https:\/\/www.noscommunes.ca\/Members\/fr\" target=\"_blank\" rel=\"noopener\">d\u00e9put\u00e9.e<\/a>\u2014 m\u00eame si elle n\u2019a pas encore \u00e9t\u00e9 publi\u00e9e \u2014pour leur faire part de votre opinion.&nbsp;<\/li>\n<\/ol><\/div><\/div>\n\n\n<div style=\"height:20px\" aria-hidden=\"true\" class=\"wp-block-spacer\"><\/div>\n\n\n\n<h2 class=\"wp-block-heading has-text-color\" style=\"color:#29b5cf\">votre lettre a-t-elle \u00e9t\u00e9 publi\u00e9e?<\/h2>\n\n\n\n<div class=\"tb-fields-and-text\" data-toolset-blocks-fields-and-text=\"3e1d2592ce20bdf2bf813c9dfa44c991\"><ol>\n  <li>Effectuez une recherche sur Internet avec votre nom et une phrase cl\u00e9 tir\u00e9e de votre lettre ouverte quelques semaines apr\u00e8s l\u2019avoir soumise si vous n\u2019avez toujours pas eu de nouvelles.&nbsp;&nbsp;<\/li>\n  <li>Si votre lettre est publi\u00e9e, remplissez ce <a href=\"https:\/\/resultscanada.ca\/fr\/track-actions\/\" target=\"_blank\" rel=\"noopener\">en ligne<\/a>.&nbsp;<\/li>\n  <li>Partagez-le sur les m\u00e9dias sociaux en taguant\u202f<a href=\"https:\/\/x.com\/resultscda\" target=\"_blank\" rel=\"noopener\">@ResultsCda<\/a>\u202f<strong>et les<\/strong> votre<a href=\"https:\/\/www.noscommunes.ca\/Members\/fr\" target=\"_blank\" rel=\"noopener\">d\u00e9put\u00e9e<\/a>.&nbsp;&nbsp;<\/li>\n  <li>Continuez de soumettre des lettres ouvertes aux journaux pour nos futurs appels \u00e0 l\u2019action et <a href=\"https:\/\/youtube.com\/shorts\/eGYlcFCnGXY\" target=\"_blank\" rel=\"noopener\">vous pourriez devenir un expert en \u00e9dition comme Adil<\/a>.<\/li>\n<\/ol><\/div>\n\n\n\n<div style=\"height:20px\" aria-hidden=\"true\" class=\"wp-block-spacer\"><\/div>\n\n\n<div id=\"div_block-96-321\" class=\"ct-div-block\" ><div id=\"_toggle-97-321\" class=\"oxy-toggle toggle-4095 toggle-4095-expanded\"  data-oxy-toggle-initial-state=\"closed\" data-oxy-toggle-active-class=\"toggle-4095-expanded\" >\n\t\t\t<div class='oxy-expand-collapse-icon' href='#'><\/div>\n\t\t\t<div class='oxy-toggle-content'>\n                <h4 id=\"headline-98-321\" class=\"ct-headline\">conseils pratiques<\/h4>\t\t\t<\/div>\n\t\t<\/div><div id=\"_rich_text-99-321\" class=\"oxy-rich-text\" ><ul>\n<li>Jetez un \u0153il \u00e0 notre <a href=\"https:\/\/drive.google.com\/file\/d\/1AzfZAeA-hOsvcsKo1xSBokGSM9GA7dYE\/view?usp=sharing\" target=\"_blank\" rel=\"noopener\">ressource \u00e9ducative<\/a> pour en apprendre plus sur la r\u00e9daction de lettres ouvertes aux journaux (15 min.)&nbsp;<\/li>\n<li>Faites le lien entre votre lettre ouverte et un enjeu d\u2019actualit\u00e9 \u2013 r\u00e9f\u00e9rez-vous \u00e0 notre liste de<a href=\"..\/campaign\/campaign-1\/#keydates\" target=\"_blank\" rel=\"noopener\">dates importantes, mots-clics, \u00e9tiquettes et mots-cl\u00e9s<\/a>.&nbsp;<\/li>\n<li>R\u00e9pondez \u00e0 un article publi\u00e9 r\u00e9cemment. Cela pourra vous servir d\u2019accroche.&nbsp;<\/li>\n<li>Collaborez avec d\u2019autres b\u00e9n\u00e9voles. Rien ne vous emp\u00eache de soumettre une lettre \u00e9crite \u00e0 plusieurs mains!&nbsp;<\/li>\n<li>Vous parlez une autre langue ? Soumettez votre lettre ouverte \u00e0 des journaux qui publient dans cette langue.&nbsp;<\/li>\n<li>Consid\u00e9rez <a href=\"https:\/\/resultscanada.ca\/fr\/your-tools\/#headline-67-119\" target=\"_blank\" rel=\"noopener\">\u00e9crire une lettre d\u2019opinion<\/a> si vous avez effectu\u00e9 une recherche exhaustive et que 200 mots ne suffisent pas!&nbsp;<\/li>\n<\/ul><\/div><\/div>\n\n\n<div style=\"height:20px\" aria-hidden=\"true\" class=\"wp-block-spacer\"><\/div>\n\n\n<div id=\"div_block-96-321\" class=\"ct-div-block\" ><div id=\"_toggle-12-760\" class=\"oxy-toggle toggle-1570 toggle-1570-expanded\"  data-oxy-toggle-initial-state=\"closed\" data-oxy-toggle-active-class=\"toggle-1570-expanded\" >\n\t\t\t<div class='oxy-expand-collapse-icon' href='#'><\/div>\n\t\t\t<div class='oxy-toggle-content'>\n                <h4 id=\"headline-13-760\" class=\"ct-headline\">voir un exemple d'une lettre ouverte aux journaux<\/h4>\t\t\t<\/div>\n\t\t<\/div><div id=\"_rich_text-16-760\" class=\"oxy-rich-text\" ><p><span style=\"font-size: 12pt; font-family: verdana, geneva, sans-serif;\"><strong>Un appel \u00e0 l\u2019action : unissons-nous pour l\u2019avenir des enfants<\/strong><\/span><\/p>\n<div>\n<p><span style=\"font-size: 12pt; font-family: verdana, geneva, sans-serif;\">Devant une r\u00e9alit\u00e9 brutale o\u00f9 un enfant succombe \u00e0 la malnutrition toutes les 10 secondes, notre responsabilit\u00e9 partag\u00e9e d\u2019agir avec compassion devient ind\u00e9niable. L\u2019Enveloppe d\u2019aide internationale (EAI) se pr\u00e9sente comme un phare d\u2019espoir pour les innombrables enfants affect\u00e9s par des circonstances d\u00e9sastreuses dans le monde entier.<\/span><\/p>\n<p><span style=\"font-size: 12pt; font-family: verdana, geneva, sans-serif;\">En tant que membres d\u2019une soci\u00e9t\u00e9 compatissante, nous avons le pouvoir d\u2019influencer un changement positif. Unissons nos voix et implorons le gouvernement canadien de respecter son engagement en allouant 600 millions de dollars canadiens en 2024 pour la vaccination, la nutrition et l\u2019\u00e9ducation. La transformation de la vie de chaque enfant est un t\u00e9moignage de notre impact collectif.<\/span><\/p>\n<p><span style=\"font-size: 12pt; font-family: verdana, geneva, sans-serif;\">Rejoignez ce parcours de plaidoyer, amplifiez notre message et participez \u00e0 un mouvement o\u00f9 nous nous effor\u00e7ons collectivement d\u2019atteindre chaque enfant. Chaque enfant, ind\u00e9pendamment des circonstances, m\u00e9rite une chance de s\u2019\u00e9panouir. Agissez maintenant.<\/span><\/p>\n<p data-lpos=\"article|body\"><span style=\"font-family: verdana, geneva, sans-serif; font-size: 12pt;\">Adil Mukhi<\/span><br \/><span style=\"font-family: verdana, geneva, sans-serif; font-size: 12pt;\">novembre 16, 2024 in the&nbsp;<em><a href=\"https:\/\/www.lanouvelle.net\/lettres-dopinion\/un-appel-a-laction-unissons-nous-pour-lavenir-des-enfants\/\">La Nouvelle union<\/a><\/em><\/span><\/p>\n<p data-lpos=\"article|body\"><span style=\"font-family: verdana, geneva, sans-serif; font-size: 12pt;\"><strong>Voir plus de&nbsp;<a href=\"https:\/\/resultscanada.ca\/fr\/actions-taken\/\" target=\"_blank\" rel=\"noopener\">lettres aux journaux publi\u00e9s<\/a>.<\/strong><\/span><\/p>\n<\/div><\/div><\/div>\n\n\n<div style=\"height:20px\" aria-hidden=\"true\" class=\"wp-block-spacer\"><\/div>","protected":false},"excerpt":{"rendered":"<p>Nous appelons le Canada \u00e0 mettre fin aux coupes dans l'aide pr\u00e9vues dans le budget 2026 et lan\u00e7ons notre Trousse d'outils budg\u00e9taire.<\/p>","protected":false},"author":18,"featured_media":14015,"comment_status":"closed","ping_status":"open","sticky":false,"template":"","format":"standard","meta":{"_seopress_titles_title":"August campaign: Budget 2026","_seopress_titles_desc":"We are calling on the Canadian government stops the cuts to international aid in Budget 2026.","_seopress_robots_index":"","_seopress_robots_follow":"","_seopress_robots_imageindex":"","_seopress_robots_snippet":"","_seopress_robots_primary_cat":"none","_seopress_robots_breadcrumbs":"","_seopress_robots_freeze_modified_date":"","_seopress_robots_custom_modified_date":"","_seopress_robots_canonical":"","_seopress_social_fb_title":"August campaign: Budget 2026","_seopress_social_fb_desc":"We are calling on the Canadian government stops the cuts to international aid in Budget 2026.","_seopress_social_fb_img":"https:\/\/cdn.resultscanada.ca\/wp-content\/uploads\/Budget-2026-Graphics_stop-the-cuts-EN-scaled.png","_seopress_social_fb_img_attachment_id":14015,"_seopress_social_fb_img_width":2560,"_seopress_social_fb_img_height":1713,"_seopress_social_twitter_title":"August campaign: Budget 2026","_seopress_social_twitter_desc":"We are calling on the Canadian government stops the cuts to international aid in Budget 2026.","_seopress_social_twitter_img":"https:\/\/cdn.resultscanada.ca\/wp-content\/uploads\/Budget-2026-Graphics_stop-the-cuts-EN-scaled.png","_seopress_social_twitter_img_attachment_id":14015,"_seopress_social_twitter_img_width":2560,"_seopress_social_twitter_img_height":1713,"_seopress_redirections_value":"","_seopress_redirections_enabled":"","_seopress_redirections_enabled_regex":"","_seopress_redirections_logged_status":"both","_seopress_redirections_param":"","_seopress_redirections_type":301,"_seopress_analysis_target_kw":"canadian parliament,parliament,parliamentarian,mp,member of parliament,cdnpoli,cdnpolitics,canadian parliamentarian,gac,global affairs canada,canada's international development,intl dev,canada dev,canada's development,global affairs,foreign affairs,committee,senate,house of commons,parliamentary affairs,government relations,GR,government,investments,canadian projects,canadian investments,canadian funding,canada funds,canada fund,canada invest,investments from canada,canada politics,politics,intl aid,foreign aid,aid,global aid,global relations,international relations,canada and the world,canada world,canada global,canada leadership,canada state of affairs,canada secretary of state,secretary of state,minister,canadian minister,international,international aid,foreign,affairs,globe,world,foreign politics,budget,development aid,development budget,canada investments,canadian aid,canada money abroad,abroad,canada,money,international affairs,international politics,foreign investments,canadian interests abroad,ODA,Official Development Assistance,development,assistance,assistance envelope,canada international assistance,canada development envelope,canada money sent abroad,leader,canada must lead,volunteer,volunteering,donating time,donate time,opportunities,nonprofit experience,charity,volunteer opportunities,nonprofit volunteer,nonprofit jobs,advocates,advocacy,activism,activists,citizens,global issues,impact,action,leadership,advocacy in action,lobbying,activisit,changing,making change,canadian issues,changing the world,making the place a better place,citizen,advocate,creating change,making progress,SDG goals,sustainable development goals,poverty,extreme poverty,investments. saving lives,changing lives,life-saving,critical,urgent,crisis,crises,climate change,health,nutrition,hunger,education","_seopress_news_disabled":"","_seopress_video_disabled":"","_seopress_video":[],"_seopress_pro_schemas_manual":[],"_seopress_pro_rich_snippets_disable_all":"","_seopress_pro_rich_snippets_disable":[],"_seopress_pro_schemas":[],"footnotes":"","_members_access_role":[],"_members_access_error":""},"categories":[378,439],"tags":[232,470,471],"class_list":["post-14143","post","type-post","status-publish","format-standard","has-post-thumbnail","hentry","category-campaign-updates","category-global-health","tag-foreign-aid","tag-budget-2026","tag-canadian-budget"],"_links":{"self":[{"href":"https:\/\/resultscanada.ca\/fr\/wp-json\/wp\/v2\/posts\/14143","targetHints":{"allow":["GET"]}}],"collection":[{"href":"https:\/\/resultscanada.ca\/fr\/wp-json\/wp\/v2\/posts"}],"about":[{"href":"https:\/\/resultscanada.ca\/fr\/wp-json\/wp\/v2\/types\/post"}],"author":[{"embeddable":true,"href":"https:\/\/resultscanada.ca\/fr\/wp-json\/wp\/v2\/users\/18"}],"replies":[{"embeddable":true,"href":"https:\/\/resultscanada.ca\/fr\/wp-json\/wp\/v2\/comments?post=14143"}],"version-history":[{"count":5,"href":"https:\/\/resultscanada.ca\/fr\/wp-json\/wp\/v2\/posts\/14143\/revisions"}],"predecessor-version":[{"id":14161,"href":"https:\/\/resultscanada.ca\/fr\/wp-json\/wp\/v2\/posts\/14143\/revisions\/14161"}],"wp:featuredmedia":[{"embeddable":true,"href":"https:\/\/resultscanada.ca\/fr\/wp-json\/wp\/v2\/media\/14015"}],"wp:attachment":[{"href":"https:\/\/resultscanada.ca\/fr\/wp-json\/wp\/v2\/media?parent=14143"}],"wp:term":[{"taxonomy":"category","embeddable":true,"href":"https:\/\/resultscanada.ca\/fr\/wp-json\/wp\/v2\/categories?post=14143"},{"taxonomy":"post_tag","embeddable":true,"href":"https:\/\/resultscanada.ca\/fr\/wp-json\/wp\/v2\/tags?post=14143"}],"curies":[{"name":"wp","href":"https:\/\/api.w.org\/{rel}","templated":true}]}}