{"id":13332,"date":"2026-02-20T15:55:41","date_gmt":"2026-02-20T20:55:41","guid":{"rendered":"https:\/\/resultscanada.ca\/?p=13332"},"modified":"2026-02-20T16:05:38","modified_gmt":"2026-02-20T21:05:38","slug":"the-power-of-care-insights-from-community-health-worker-dygrace-lukwesa","status":"publish","type":"post","link":"https:\/\/resultscanada.ca\/fr\/the-power-of-care-insights-from-community-health-worker-dygrace-lukwesa\/","title":{"rendered":"le pouvoir du soin : r\u00e9flexions de Dygrace Lukwesa, agente de sant\u00e9 communautaire"},"content":{"rendered":"<figure class=\"wp-block-image alignfull size-large\"><img loading=\"lazy\" decoding=\"async\" width=\"1024\" height=\"205\" src=\"https:\/\/cdn.resultscanada.ca\/wp-content\/uploads\/BlackHistory-Month-2026-800-x-600-px-1-1.png\" alt=\"\" class=\"wp-image-13256\" srcset=\"\" sizes=\"auto, (max-width: 1024px) 100vw, 1024px\" data-srcset=\"\" \/><\/figure>\n\n\n\n<p class=\"has-luminous-vivid-amber-background-color has-background\"><strong><em>\u00ab Solidarit\u00e9 dans la souverainet\u00e9 en Afrique \u00bb est un appel \u00e0 l'action lanc\u00e9 \u00e0 la communaut\u00e9 internationale pour qu'elle soutienne les nations africaines en respectant et en d\u00e9fendant leur souverainet\u00e9, tout en reconnaissant que l'assistance internationale reste essentielle pour permettre aux pays \u00e0 faible revenu d'investir les ressources n\u00e9cessaires pour combler les \u00e9carts d'\u00e9quit\u00e9 et \u00e9radiquer la pauvret\u00e9. Pour \u00eatre efficace, ce soutien doit d\u00e9fendre les priorit\u00e9s, les d\u00e9cisions et les solutions propos\u00e9es par l'Afrique, r\u00e9pondre aux besoins et aux contextes locaux, et reconna\u00eetre le leadership africain comme un \u00e9l\u00e9ment central du progr\u00e8s mondial commun. Dans la quatri\u00e8me \u00e9dition de notre s\u00e9rie pour le Mois de l\u2019histoire des Noir.e.s , nous avons eu l'honneur de nous entretenir avec Dygrace Lukwesa, une agente de sant\u00e9 communautaire en Zambie que nous avions \u00e9galement interview\u00e9e l'ann\u00e9e derni\u00e8re pour&nbsp;<\/em><a href=\"https:\/\/cdn.resultscanada.ca\/wp-content\/uploads\/ResultsCanada-Strong-Health-Systems-Start-on-the-Frontlines-FINAL.pdf\" target=\"_blank\" rel=\"noreferrer noopener\"><em>notre rapport sur le r\u00f4le des agent.e.s de sant\u00e9 communautaires dans la lutte mondiale contre la malnutrition<\/em><\/a><em>.<\/em>&nbsp;<\/strong><\/p>\n\n\n\n<h4 class=\"wp-block-heading has-text-color has-link-color wp-elements-1885499ab7b0122e3de7d2165ddc1b5f\" style=\"color:#29b5cf\"><strong>Pourriez-vous nous parler de votre r\u00f4le en tant qu\u2019agente de sant\u00e9 communautaire en Zambie et nous d\u00e9crire une journ\u00e9e type dans votre travail ?&nbsp;<\/strong>&nbsp;<\/h4>\n\n\n\n<p>Je m'appelle Dygrace Lukwesa et je suis devenue agente de sant\u00e9 communautaire en 2018. Je vis et travaille en Zambie, plus pr\u00e9cis\u00e9ment dans le district de Nchelenge, dans la province de Luapula. En tant qu'agente de sant\u00e9 communautaire, une grande partie de mon travail consiste \u00e0 promouvoir la sant\u00e9, \u00e0 pr\u00e9venir les maladies et \u00e0 faciliter l'acc\u00e8s aux soins de sant\u00e9 primaires.&nbsp;&nbsp;<\/p>\n\n\n\n<p>Nous sommes form\u00e9.e.s dans presque tous les services des \u00e9tablissements de sant\u00e9 pour dispenser des soins de sant\u00e9 primaires, de l'enregistrement des patients \u00e0 l'assistance \u00e0 l'accouchement sous la supervision d'une sage-femme ! Mais je dirais que 80 % de notre travail se fait dans les communaut\u00e9s elles-m\u00eames, o\u00f9 nous supervisons les postes de sant\u00e9 locaux ou effectuons des visites \u00e0 domicile. Je fais du porte-\u00e0-porte pour partager des informations, effectuer des tests, prescrire des traitements pour des cas mineurs de paludisme ou d\u2019infections urinaires, et fournir des m\u00e9dicaments, c'est-\u00e0-dire essentiellement pour fournir des services de sant\u00e9 de premi\u00e8re ligne.<\/p>\n\n\n\n<p>Par exemple, je suis sp\u00e9cialement form\u00e9e au conseil et au d\u00e9pistage du VIH, mais je m'occupe \u00e9galement de la pr\u00e9vention, du diagnostic et du traitement de la malnutrition et du paludisme. Je collecte \u00e9galement des donn\u00e9es et les transmets. Lorsqu'une situation n\u00e9cessite une prise en charge plus pouss\u00e9e, j'oriente le patient vers un \u00e9tablissement de sant\u00e9 et l'encourage \u00e0 se faire soigner. S'il a besoin d'un peu d'aide suppl\u00e9mentaire, je l'accompagne \u00e0 l'\u00e9tablissement et m'assure qu'il est pris en charge.&nbsp;<\/p>\n\n\n\n<h4 class=\"wp-block-heading has-text-color has-link-color wp-elements-9e6371075e9404ba527bf1e0efa80946\" style=\"color:#29b5cf\"><strong>De nombreux pays, dont le Canada, ont r\u00e9duit leur aide internationale. Comment ce changement a-t-il affect\u00e9 votre travail, le syst\u00e8me de sant\u00e9 autour de vous et les communaut\u00e9s que vous servez ?<\/strong>&nbsp;<\/h4>\n\n\n\n<p>Ma propre situation en est un exemple concret ! Mon contrat \u00e9tait financ\u00e9 par l'USAID et a pris fin en janvier dernier, il y a un an. Depuis, rien n'est plus comme avant. Bien que je travaille encore quelques jours par semaine, je dois me consacrer \u00e0 d'autres activit\u00e9s qui aideront ma famille et moi-m\u00eame \u00e0 joindre les deux bouts. Je ne peux plus travailler comme lorsque j'\u00e9tais r\u00e9mun\u00e9r\u00e9e.&nbsp;<\/p>\n\n\n\n<p>Au-del\u00e0 des agent.e.s de sant\u00e9 communautaires, d'autres professionnel.le.s de la sant\u00e9 ont \u00e9t\u00e9 touch\u00e9.e.s, tout comme la survie de nos communaut\u00e9s. Comme les agent.e.s comme moi ne peuvent plus g\u00e9rer les cas au sein des communaut\u00e9s et qu'ils ne sont plus pr\u00e9sents en permanence dans les dispensaires locaux, les grands \u00e9tablissements de sant\u00e9 sont satur\u00e9s. Le personnel ne parvient pas \u00e0 suivre le rythme, malgr\u00e9 les efforts du gouvernement pour embaucher davantage de personnes. Et comme le gouvernement ne peut pas offrir beaucoup de postes, il devient tr\u00e8s difficile de trouver un emploi r\u00e9mun\u00e9r\u00e9, m\u00eame pour un.e agent.e de sant\u00e9 communautaire ayant suivi une formation professionnelle.&nbsp;<\/p>\n\n\n\n<h4 class=\"wp-block-heading has-text-color has-link-color wp-elements-5da7c5c0aa87a0d551944955a55ed6b4\" style=\"color:#29b5cf\"><strong>Pendant le Mois de l'histoire des Noir.e.s, nous rendons hommage aux g\u00e9n\u00e9rations qui se sont battues pour la dignit\u00e9 et l'autod\u00e9termination. Dans votre vie personnelle, qu'est-ce qui vous motive \u00e0 continuer \u00e0 servir votre communaut\u00e9, m\u00eame face \u00e0 des d\u00e9fis syst\u00e9miques ?&nbsp;<\/strong>&nbsp;<\/h4>\n\n\n\n<p>Bien s\u00fbr, j'aimerais beaucoup \u00eatre r\u00e9mun\u00e9r\u00e9e un jour. Ce serait motivant d'obtenir un soutien pour mon travail !&nbsp;&nbsp;<\/p>\n\n\n\n<p>Mais ce n'est pas pour cela que je suis devenue agente de sant\u00e9 communautaire. J'ai \u00e9t\u00e9 inspir\u00e9e par une infirmi\u00e8re que j'ai rencontr\u00e9e lorsque j'\u00e9tais hospitalis\u00e9e, en raison de la fa\u00e7on dont elle m'a trait\u00e9e. Elle avait h\u00e2te de me voir gu\u00e9rie. \u00c0 l'\u00e9poque, je travaillais comme secr\u00e9taire, apr\u00e8s avoir suivi une formation en informatique. Mais j'ai \u00e9t\u00e9 tellement touch\u00e9e par la fa\u00e7on dont elle m'a trait\u00e9e, m'a aid\u00e9e et m'a souhait\u00e9 bonne chance jusqu'\u00e0 ce que je gu\u00e9risse, que j'ai d\u00e9cid\u00e9 de devenir moi aussi agente de sant\u00e9.&nbsp;<\/p>\n\n\n\n<p>Le m\u00eame \u00e9tablissement offrait la possibilit\u00e9 de suivre une formation d'agent.e de sant\u00e9 communautaire. L'accord \u00e9tait qu'ils recommanderaient votre candidature \u00e0 condition que vous reveniez travailler dans la m\u00eame communaut\u00e9 apr\u00e8s l'obtention de votre dipl\u00f4me. Et j'ai ador\u00e9 cette id\u00e9e. Je suis donc all\u00e9e \u00e0 l'\u00e9cole !&nbsp;&nbsp;<\/p>\n\n\n\n<p>Le fait de savoir que je peux d\u00e9sormais aider quelqu'un \u00e0 retrouver la sant\u00e9, et que je l'ai d\u00e9j\u00e0 fait \u00e0 plusieurs reprises, me rend heureuse. Les aider \u00e0 se r\u00e9tablir me rend heureuse. Et savoir que je peux les inspirer comme cette infirmi\u00e8re m'a inspir\u00e9e me donne la force de continuer, que je sois r\u00e9mun\u00e9r\u00e9e ou non.&nbsp;<\/p>\n\n\n\n<h4 class=\"wp-block-heading has-text-color has-link-color wp-elements-f8e2c2a9912e82981b9ccc06a27ec152\" style=\"color:#29b5cf\"><strong>Que signifie pour vous l'expression \u00ab solidarit\u00e9 dans la souverainet\u00e9 \u00bb ? \u00c0 quoi ressemblerait une v\u00e9ritable solidarit\u00e9 de la part de la communaut\u00e9 internationale dans votre travail quotidien ?<\/strong>&nbsp;<\/h4>\n\n\n\n<p>C'est une fa\u00e7on de collaborer avec d'autres pays ind\u00e9pendants afin d'\u0153uvrer ensemble vers un m\u00eame objectif : dans notre cas, la mise en place d'un syst\u00e8me de sant\u00e9 solide pour tous. Nous pouvons nous apporter mutuellement le soutien dont nous avons besoin et apprendre les uns des autres. Nous faisons peut-\u00eatre un travail similaire, mais nous sommes confront\u00e9s \u00e0 des d\u00e9fis diff\u00e9rents ou nous les relevons diff\u00e9remment. L'\u00e9change de nos connaissances et la collaboration am\u00e9lioreraient notre travail et nous motiveraient tous.&nbsp;&nbsp;<\/p>\n\n\n\n<p class=\"has-black-color has-luminous-vivid-amber-background-color has-text-color has-background has-link-color wp-elements-cee54e1498cc3e09e03fd67b8ba27c14\" id=\"BHM-series1\"><strong>LISEZ PLUS : <a href=\"https:\/\/resultscanada.ca\/fr\/solidarity-to-meet-the-moment-a-conversation-with-rosemary-mburu\/\" data-type=\"link\" data-id=\"https:\/\/resultscanada.ca\/solidarity-to-meet-the-moment-a-conversation-with-rosemary-mburu\/\" target=\"_blank\" rel=\"noreferrer noopener\">la solidarit\u00e9 dans le contexte actuel : entretien avec Rosemary Mburu<\/a><\/strong><\/p>\n\n\n\n<p class=\"has-white-color has-text-color has-background has-link-color wp-elements-aa3b75f8e62b03b5c4066851069cd7d5\" style=\"background-color:#078930\"><em><strong>De nouvelles histoires chaque vendredi tout au long du Mois de l'histoire des Noir.e.s \u2014 suivez notre newsletter LinkedIn <\/strong><\/em><strong><a href=\"https:\/\/www.linkedin.com\/build-relation\/newsletter-follow?entityUrn=7153113935334834176\" data-type=\"link\" data-id=\"https:\/\/www.linkedin.com\/build-relation\/newsletter-follow?entityUrn=7153113935334834176\" target=\"_blank\" rel=\"noreferrer noopener\"><em>The Informed Advocate<\/em><\/a><\/strong><em><strong> <\/strong><\/em><em><strong>pour ne rien manquer !<\/strong><\/em><\/p>\n\n\n\n<p><\/p>","protected":false},"excerpt":{"rendered":"<p>Dans la troisi\u00e8me \u00e9dition de notre s\u00e9rie consacr\u00e9e au Mois de l'histoire des Noir.e.s, Dygrace Lukwesa, agente de sant\u00e9 communautaire, nous explique \u00e0 quoi ressemble les soins de premi\u00e8re ligne en Zambie et pourquoi la solidarit\u00e9 est importante dans le domaine de la sant\u00e9 mondiale.<\/p>","protected":false},"author":18,"featured_media":13338,"comment_status":"closed","ping_status":"open","sticky":false,"template":"","format":"standard","meta":{"_seopress_robots_primary_cat":"none","_seopress_titles_title":"the power of care:\u00a0insights from\u00a0community health worker\u00a0Dygrace\u00a0Lukwesa\u00a0","_seopress_titles_desc":"In the fourth edition of our Black History Month series, community health worker Dygrace Lukwesa shares her work in Zambia and why frontline care matters.","_seopress_robots_index":"","footnotes":""},"categories":[57,437],"tags":[],"class_list":["post-13332","post","type-post","status-publish","format-standard","has-post-thumbnail","hentry","category-champion-stories","category-stories"],"_links":{"self":[{"href":"https:\/\/resultscanada.ca\/fr\/wp-json\/wp\/v2\/posts\/13332","targetHints":{"allow":["GET"]}}],"collection":[{"href":"https:\/\/resultscanada.ca\/fr\/wp-json\/wp\/v2\/posts"}],"about":[{"href":"https:\/\/resultscanada.ca\/fr\/wp-json\/wp\/v2\/types\/post"}],"author":[{"embeddable":true,"href":"https:\/\/resultscanada.ca\/fr\/wp-json\/wp\/v2\/users\/18"}],"replies":[{"embeddable":true,"href":"https:\/\/resultscanada.ca\/fr\/wp-json\/wp\/v2\/comments?post=13332"}],"version-history":[{"count":5,"href":"https:\/\/resultscanada.ca\/fr\/wp-json\/wp\/v2\/posts\/13332\/revisions"}],"predecessor-version":[{"id":13348,"href":"https:\/\/resultscanada.ca\/fr\/wp-json\/wp\/v2\/posts\/13332\/revisions\/13348"}],"wp:featuredmedia":[{"embeddable":true,"href":"https:\/\/resultscanada.ca\/fr\/wp-json\/wp\/v2\/media\/13338"}],"wp:attachment":[{"href":"https:\/\/resultscanada.ca\/fr\/wp-json\/wp\/v2\/media?parent=13332"}],"wp:term":[{"taxonomy":"category","embeddable":true,"href":"https:\/\/resultscanada.ca\/fr\/wp-json\/wp\/v2\/categories?post=13332"},{"taxonomy":"post_tag","embeddable":true,"href":"https:\/\/resultscanada.ca\/fr\/wp-json\/wp\/v2\/tags?post=13332"}],"curies":[{"name":"wp","href":"https:\/\/api.w.org\/{rel}","templated":true}]}}