{"id":12846,"date":"2025-11-21T11:52:24","date_gmt":"2025-11-21T16:52:24","guid":{"rendered":"https:\/\/resultscanada.ca\/?p=12846"},"modified":"2026-01-13T09:51:07","modified_gmt":"2026-01-13T14:51:07","slug":"press-release-canadian-civil-society-concerned-by-canadas-reduced-commitment-to-the-global-fund","status":"publish","type":"post","link":"https:\/\/resultscanada.ca\/fr\/press-release-canadian-civil-society-concerned-by-canadas-reduced-commitment-to-the-global-fund\/","title":{"rendered":"Communiqu\u00e9 de presse : La soci\u00e9t\u00e9 civile canadienne s'inqui\u00e8te de la r\u00e9duction de l'engagement du Canada envers le Fonds mondial"},"content":{"rendered":"<p>Les organisations de la soci\u00e9t\u00e9 civile canadienne sont pr\u00e9occup\u00e9es par la r\u00e9duction de la contribution du gouvernement canadien au <a href=\"https:\/\/www.theglobalfund.org\/fr\/\">Fonds mondial de lutte contre le sida, la tuberculose et le paludisme<\/a>, annonc\u00e9e aujourd'hui lors du huiti\u00e8me sommet de reconstitution des ressources \u00e0 Johannesburg. Le Canada s'est engag\u00e9 \u00e0 verser 1,02 milliard de dollars, soit une r\u00e9duction de pr\u00e8s de 16 % par rapport \u00e0 sa contribution pr\u00e9c\u00e9dente en 2022.<\/p>\n\n\n\n<p>Les communaut\u00e9s touch\u00e9es par le VIH, la tuberculose et le paludisme, ainsi que la soci\u00e9t\u00e9 civile canadienne, les parlementaires, les professionnels de la sant\u00e9 et la communaut\u00e9 scientifique ont clairement indiqu\u00e9 que le soutien continu du Canada au Fonds mondial est essentiel pour prot\u00e9ger les progr\u00e8s durement acquis. Plut\u00f4t que de s'appuyer sur des d\u00e9cennies de leadership, le gouvernement a choisi de r\u00e9duire son soutien, une d\u00e9cision qui compromet les progr\u00e8s r\u00e9alis\u00e9s dans la lutte contre trois des maladies infectieuses les plus mortelles au monde et affaiblit la cr\u00e9dibilit\u00e9 du Canada en tant que partenaire mondial fiable.<\/p>\n\n\n\n<p>\u00ab La d\u00e9cision du Canada de r\u00e9duire son engagement envers le Fonds mondial est un revers douloureux \u00e0 un moment o\u00f9 la stabilit\u00e9 mondiale, la prosp\u00e9rit\u00e9 canadienne et des vies humaines sont litt\u00e9ralement en jeu. Cela envoie un mauvais message aux partenaires qui comptent sur le leadership du Canada. Investir dans la sant\u00e9 mondiale est l'un des outils les plus intelligents et les plus rentables dont nous disposons pour b\u00e2tir un monde plus s\u00fbr, plus sain et plus \u00e9quitable. Cette r\u00e9duction de l'engagement est une occasion manqu\u00e9e. Quant au gouvernement Carney, il doit faire preuve de l'ambition et de la vision d'avenir que le moment exige \u00bb, a d\u00e9clar\u00e9 Taryn Russell, directrice g\u00e9n\u00e9rale de R\u00e9sultats Canada.<\/p>\n\n\n\n<h2 class=\"wp-block-heading has--font-size\"><mark style=\"background-color:rgba(0, 0, 0, 0);color:#29b5cf\" class=\"has-inline-color\">Un recul pour le r\u00f4le mondial du Canada<\/mark><\/h2>\n\n\n\n<p>\u00c0 l'heure o\u00f9 le premier ministre Mark Carney met l'accent sur le r\u00e9tablissement de la confiance et le renforcement des partenariats mondiaux du Canada, r\u00e9duire le soutien \u00e0 l'une des initiatives sanitaires les plus efficaces au monde constitue un recul pour les valeurs, le commerce et le leadership du Canada en mati\u00e8re de d\u00e9veloppement. Cela nuit \u00e0 notre r\u00e9putation de pays d\u00e9fendant l'\u00e9quit\u00e9, la compassion, les droits humains et la coop\u00e9ration, principes qui non seulement d\u00e9finissent qui nous sommes, mais contribuent \u00e9galement \u00e0 un monde plus stable, plus \u00e9quitable et plus prosp\u00e8re pour tous.<\/p>\n\n\n\n<p>En tant que leader du G7, le Canada avait une occasion unique de faire preuve de leadership mondial et de rallier d'autres gouvernements \u00e0 la lutte contre le sida, la tuberculose et le paludisme. Au lieu de cela, cette d\u00e9cision, combin\u00e9e aux coupes dans l'aide internationale pr\u00e9vues dans le dernier budget f\u00e9d\u00e9ral, envoie le message contraire : le Canada se retire alors que son leadership est plus que jamais n\u00e9cessaire.<\/p>\n\n\n\n<p>\u00ab Les Canadiens veulent que les progr\u00e8s soient prot\u00e9g\u00e9s, pas annul\u00e9s. En r\u00e9duisant la contribution au Fonds mondial et en rompant sa promesse de ne pas r\u00e9duire l'aide, le premier ministre a choisi l'opportunisme politique au d\u00e9triment de la vie humaine \u00bb, d\u00e9clare Meg French, directrice g\u00e9n\u00e9rale de la Fondation Stephen Lewis.<\/p>\n\n\n\n<h2 class=\"wp-block-heading\"><mark style=\"background-color:rgba(0, 0, 0, 0);color:#29b5cf\" class=\"has-inline-color\">Investir dans la sant\u00e9 mondiale n'est pas un acte de charit\u00e9, mais une politique intelligente<\/mark><\/h2>\n\n\n\n<p>Les r\u00e9ductions de l'aide ne sont ni judicieuses ni strat\u00e9giques. Des syst\u00e8mes de sant\u00e9 solides \u00e0 l'\u00e9tranger permettent non seulement de sauver et d'am\u00e9liorer des millions de vies, mais aussi de soutenir la r\u00e9silience \u00e9conomique, de promouvoir la s\u00e9curit\u00e9 et de faciliter la croissance de futurs partenariats commerciaux, autant de r\u00e9sultats qui profitent \u00e0 la fois au Canada et au monde entier.<\/p>\n\n\n\n<p>Depuis 2002, le Fonds mondial a contribu\u00e9 \u00e0 sauver plus de 70 millions de vies, en investissant jusqu'\u00e0 5 milliards de dollars am\u00e9ricains par an pour vaincre le VIH, la tuberculose et le paludisme et garantir un avenir plus sain, plus s\u00fbr et plus \u00e9quitable pour tous. Les investissements du Canada dans le Fonds ont toujours apport\u00e9 une valeur extraordinaire, en contribuant \u00e0 pr\u00e9venir la propagation des maladies infectieuses, \u00e0 mettre en place des syst\u00e8mes de sant\u00e9 r\u00e9silients et \u00e0 prot\u00e9ger les Canadiens en r\u00e9duisant le risque de futures pand\u00e9mies.<\/p>\n\n\n\n<p>Une r\u00e9duction des engagements a des cons\u00e9quences mortelles dans la vie r\u00e9elle : augmentation du nombre d'infections, augmentation du nombre de d\u00e9c\u00e8s, diminution du nombre de personnes b\u00e9n\u00e9ficiant de traitements et de mesures de pr\u00e9vention vitaux, affaiblissement des syst\u00e8mes de sant\u00e9 mondiaux et augmentation du risque de r\u00e9sistance aux m\u00e9dicaments, qui menace la s\u00e9curit\u00e9 sanitaire mondiale et canadienne.<\/p>\n\n\n\n<p>\u00ab Au-del\u00e0 de sauver des vies et de renforcer les syst\u00e8mes de sant\u00e9, le Fonds mondial prot\u00e8ge les droits humains \u00e0 un moment o\u00f9 ceux-ci sont menac\u00e9s. Cela est particuli\u00e8rement vrai pour les personnes les plus marginalis\u00e9es d'entre nous, notamment les personnes vivant avec le VIH, les personnes LGBTQ+, les personnes qui consomment des drogues, les travailleuses et travailleurs du sexe et les personnes qui ont \u00e9t\u00e9 emprisonn\u00e9es \u00bb, d\u00e9clare Janet Butler-McPhee, codirectrice g\u00e9n\u00e9rale du HIV Legal Network. \u00ab Investir dans le Fonds mondial, c'est investir dans la s\u00e9curit\u00e9 et la s\u00fbret\u00e9 de tous, et nous sommes d\u00e9\u00e7us par cette r\u00e9duction importante qui va \u00e0 l'encontre des valeurs canadiennes. \u00bb<\/p>\n\n\n\n<figure class=\"wp-block-image size-large\"><img loading=\"lazy\" decoding=\"async\" width=\"1024\" height=\"683\" src=\"https:\/\/cdn.resultscanada.ca\/wp-content\/uploads\/global-fund-announcement-1024x683.png\" alt=\"\" class=\"wp-image-12850\" srcset=\"https:\/\/cdn.resultscanada.ca\/wp-content\/uploads\/global-fund-announcement-1024x683.png 1024w, https:\/\/cdn.resultscanada.ca\/wp-content\/uploads\/global-fund-announcement-300x200.png 300w, https:\/\/cdn.resultscanada.ca\/wp-content\/uploads\/global-fund-announcement-768x512.png 768w, https:\/\/cdn.resultscanada.ca\/wp-content\/uploads\/global-fund-announcement-18x12.png 18w, https:\/\/cdn.resultscanada.ca\/wp-content\/uploads\/global-fund-announcement.png 1200w\" sizes=\"auto, (max-width: 1024px) 100vw, 1024px\" \/><\/figure>","protected":false},"excerpt":{"rendered":"<p>Canadian civil society organizations are concerned by the Government of Canada\u2019s reduced pledge to the Global Fund to Fight AIDS, Tuberculosis and Malaria, announced today at the Eighth Replenishment Summit in Johannesburg. Canada pledged $1.02 billion, which represents an almost 16% cut from its previous pledge in 2022. Communities affected by HIV, TB and malaria, [&hellip;]<\/p>\n","protected":false},"author":18,"featured_media":12853,"comment_status":"closed","ping_status":"open","sticky":false,"template":"","format":"standard","meta":{"_seopress_robots_primary_cat":"none","_seopress_titles_title":"","_seopress_titles_desc":"","_seopress_robots_index":"","footnotes":""},"categories":[439,440],"tags":[],"class_list":["post-12846","post","type-post","status-publish","format-standard","has-post-thumbnail","hentry","category-global-health","category-tuberculosis"],"_links":{"self":[{"href":"https:\/\/resultscanada.ca\/fr\/wp-json\/wp\/v2\/posts\/12846","targetHints":{"allow":["GET"]}}],"collection":[{"href":"https:\/\/resultscanada.ca\/fr\/wp-json\/wp\/v2\/posts"}],"about":[{"href":"https:\/\/resultscanada.ca\/fr\/wp-json\/wp\/v2\/types\/post"}],"author":[{"embeddable":true,"href":"https:\/\/resultscanada.ca\/fr\/wp-json\/wp\/v2\/users\/18"}],"replies":[{"embeddable":true,"href":"https:\/\/resultscanada.ca\/fr\/wp-json\/wp\/v2\/comments?post=12846"}],"version-history":[{"count":3,"href":"https:\/\/resultscanada.ca\/fr\/wp-json\/wp\/v2\/posts\/12846\/revisions"}],"predecessor-version":[{"id":12852,"href":"https:\/\/resultscanada.ca\/fr\/wp-json\/wp\/v2\/posts\/12846\/revisions\/12852"}],"wp:featuredmedia":[{"embeddable":true,"href":"https:\/\/resultscanada.ca\/fr\/wp-json\/wp\/v2\/media\/12853"}],"wp:attachment":[{"href":"https:\/\/resultscanada.ca\/fr\/wp-json\/wp\/v2\/media?parent=12846"}],"wp:term":[{"taxonomy":"category","embeddable":true,"href":"https:\/\/resultscanada.ca\/fr\/wp-json\/wp\/v2\/categories?post=12846"},{"taxonomy":"post_tag","embeddable":true,"href":"https:\/\/resultscanada.ca\/fr\/wp-json\/wp\/v2\/tags?post=12846"}],"curies":[{"name":"wp","href":"https:\/\/api.w.org\/{rel}","templated":true}]}}