{"id":12071,"date":"2025-06-05T09:03:07","date_gmt":"2025-06-05T14:03:07","guid":{"rendered":"https:\/\/resultscanada.ca\/?p=12071"},"modified":"2026-01-23T11:49:26","modified_gmt":"2026-01-23T16:49:26","slug":"togetherwelead-volunteer-retreat-from-inspiration-to-impact","status":"publish","type":"post","link":"https:\/\/resultscanada.ca\/fr\/togetherwelead-volunteer-retreat-from-inspiration-to-impact\/","title":{"rendered":"retraite des b\u00e9n\u00e9voles #TogetherWeLead \u2013 de l'inspiration \u00e0 l'impact !"},"content":{"rendered":"<p>Les 31 mai et 1er juin 2025, les b\u00e9n\u00e9voles de R\u00e9sultats Canada de tout le pays se sont r\u00e9uni.e.s \u00e0 Ottawa pour la retraite des b\u00e9n\u00e9voles #TogetherWeLead. La fin de semaine a \u00e9t\u00e9 remplie de conversations puissantes qui nous ont encourag\u00e9s \u00e0 penser de fa\u00e7on cr\u00e9ative et nous ont rappel\u00e9 notre objectif commun : b\u00e2tir un monde plus juste et \u00e9quitable.<\/p>\n\n\n\n<p>Pendant deux jours, nous avons \u00e9t\u00e9 t\u00e9moin.e.s de la force de notre communaut\u00e9 en action. Des discussions r\u00e9fl\u00e9chies aux moments de motivation et d'apprentissage partag\u00e9s, la retraite nous a rappel\u00e9 l'impact que nous pouvons avoir lorsque nous nous rassemblons. Vous pouvez sentir l'\u00e9nergie dans tous <a href=\"https:\/\/drive.google.com\/drive\/folders\/1S6d9veAPm7WrxUqYVPI_dmzDsJyJIYry\">les photos<\/a>.<\/p>\n\n\n\n<p>Nous tenons \u00e0 remercier nos b\u00e9n\u00e9voles, nos invit\u00e9.e.s sp\u00e9ciaux.ales, nos commanditaires et nos donateurs.rices qui ont fait de ce week-end un v\u00e9ritable succ\u00e8s !<\/p>\n\n\n\n<p class=\"has-text-color has-large-font-size\" style=\"color:#29b5cf\"><strong>\u00e0 nos b\u00e9n\u00e9voles\u2026<\/strong><\/p>\n\n\n\n<figure class=\"wp-block-image tb-image tb-image-dynamic tb-image-frame-none\" data-toolset-blocks-image=\"f4985d1ac6134956e5e9a6ffe68a54e5\"><img decoding=\"async\" width=\"1053\" height=\"556\" loading=\"lazy\" src=\"https:\/\/cdn.resultscanada.ca\/wp-content\/uploads\/FSCF0401_sm.png\" alt=\"\" class=\"wp-image-12073\" srcset=\"https:\/\/cdn.resultscanada.ca\/wp-content\/uploads\/FSCF0401_sm.png 1053w, https:\/\/cdn.resultscanada.ca\/wp-content\/uploads\/FSCF0401_sm-300x158.png 300w, https:\/\/cdn.resultscanada.ca\/wp-content\/uploads\/FSCF0401_sm-1024x541.png 1024w, https:\/\/cdn.resultscanada.ca\/wp-content\/uploads\/FSCF0401_sm-768x406.png 768w, https:\/\/cdn.resultscanada.ca\/wp-content\/uploads\/FSCF0401_sm-18x10.png 18w\" sizes=\"auto, (max-width: 1053px) 100vw, 1053px\" \/><\/figure>\n\n\n\n<p>Merci \u00e0 tous les b\u00e9n\u00e9voles qui ont pass\u00e9 deux jours avec nous \u00e0 Ottawa. Que vous fassiez partie de R\u00e9sultats Canada depuis des ann\u00e9es ou que vous commenciez \u00e0 peine, votre pr\u00e9sence a compt\u00e9. Votre engagement \u00e0 mettre fin \u00e0 l'extr\u00eame pauvret\u00e9 fait la diff\u00e9rence et nous sommes fiers.\u00e8res de participer \u00e0 ce mouvement avec vous. Continuez \u00e0 diriger, \u00e0 vous exprimer et \u00e0 inspirer le changement.<\/p>\n\n\n\n<p>Au cours des sessions, vous avez expliqu\u00e9 comment vos actions ont un impact r\u00e9el, comment vous restez motiv\u00e9.e.s en p\u00e9riode d'incertitude et comment votre g\u00e9n\u00e9rosit\u00e9 vous pousse \u00e0 agir non seulement pour vous, mais aussi pour les autres. Vous \u00eates de v\u00e9ritables champion.ne.s du changement mondial. Votre r\u00e9silience et votre passion ont \u00e9t\u00e9 ressenties tout au long de la retraite. Merci d'\u00eatre venu.e.s si nombreux.<\/p>\n\n\n\n<p>Et f\u00e9licitations aux laur\u00e9at.e.s de nos <a href=\"https:\/\/resultscanada.ca\/fr\/celebrating-our-volunteer-award-winners-2\/\" data-type=\"link\" data-id=\"https:\/\/resultscanada.ca\/celebrating-our-volunteer-award-winners-2\/\" target=\"_blank\" rel=\"noreferrer noopener\">prix du b\u00e9n\u00e9volat<\/a>!<\/p>\n\n\n\n<p class=\"has-background\" style=\"background-color:#ffb81c\"><em>Inspired by our volunteers to do more? <a href=\"https:\/\/resultscanada.ca\/fr\/join-us\/#headline-78-796\" target=\"_blank\" rel=\"noreferrer noopener\">Inscrivez-vous pour faire du b\u00e9n\u00e9volat<\/a> avec nous ou visitez notre <a href=\"https:\/\/resultscanada.ca\/fr\/join-us\/\" target=\"_blank\" rel=\"noreferrer noopener\">page \"se joindre \u00e0 nous\"<\/a> pour d\u00e9couvrir de quelle fa\u00e7on vous pouvez avoir un impact plus important avec R\u00e9sultats Canada.<\/em><\/p>\n\n\n\n<p class=\"has-text-color has-large-font-size\" style=\"color:#29b5cf\"><strong>\u00e0 nos invit\u00e9.e.s sp\u00e9ciaux.ales...<\/strong><\/p>\n\n\n<div class=\"wp-block-image\">\n<figure class=\"aligncenter size-full\"><img loading=\"lazy\" decoding=\"async\" width=\"1000\" height=\"471\" src=\"https:\/\/cdn.resultscanada.ca\/wp-content\/uploads\/Retreat-special-guests.png\" alt=\"\" class=\"wp-image-12081\" srcset=\"https:\/\/cdn.resultscanada.ca\/wp-content\/uploads\/Retreat-special-guests.png 1000w, https:\/\/cdn.resultscanada.ca\/wp-content\/uploads\/Retreat-special-guests-300x141.png 300w, https:\/\/cdn.resultscanada.ca\/wp-content\/uploads\/Retreat-special-guests-768x362.png 768w, https:\/\/cdn.resultscanada.ca\/wp-content\/uploads\/Retreat-special-guests-18x8.png 18w\" sizes=\"auto, (max-width: 1000px) 100vw, 1000px\" \/><\/figure>\n<\/div>\n\n\n<p>Nous avons eu l'honneur d'\u00eatre rejoints par plusieurs invit\u00e9.e.s sp\u00e9ciaux.ales tout au long du week-end. Merci \u00e0 tous d'avoir \u00e9t\u00e9 parmi nous et d'avoir g\u00e9n\u00e9reusement partag\u00e9 votre sagesse et votre exp\u00e9rience.<\/p>\n\n\n\n<ul class=\"wp-block-list\">\n<li><strong>d\u00e9put\u00e9e <a href=\"https:\/\/www.noscommunes.ca\/members\/fr\/anita-vandenbeld(71738)\">Anita Vandenbeld<\/a><\/strong> a aid\u00e9 nos b\u00e9n\u00e9voles \u00e0 comprendre le contexte politique actuel et leur a donn\u00e9 des conseils sur la mani\u00e8re d'impliquer les parlementaires. Vos encouragements sont pr\u00e9cieux et nous vous sommes reconnaissants de votre soutien continu. Nous vous remercions.<\/li>\n\n\n\n<li><strong>Claudia Ahumada<\/strong> de <a href=\"https:\/\/www.theglobalfund.org\/fr\/\">Fonds mondial de lutte contre le sida, la tuberculose et le paludisme<\/a> nous a rejoints en tant que participante et intervenante. Merci d'avoir partag\u00e9 vos connaissances et votre passion. Avec votre aide, nous sommes pr\u00eat.e.s \u00e0 plaider pour que le Canada s'engage en faveur du Fonds mondial (pour en savoir plus sur notre campagne, consultez notre <a href=\"https:\/\/bit.ly\/ActionResultatsCanada\">appel \u00e0 l'action<\/a>).<\/li>\n\n\n\n<li><strong><a href=\"https:\/\/resultscanada.ca\/fr\/himanshu-patel-mdr-tb-survivor-and-endtb-champion\/\">Himanshu Patel<\/a><\/strong> de <a href=\"https:\/\/www.stoptbcanada.com\/tbpeoplecanada\">TBPeople Canada<\/a> a parl\u00e9 avec passion de son parcours en tant que survivant de la TB et d\u00e9fenseur actuel. Merci d'avoir partag\u00e9 votre histoire et de nous avoir inspir\u00e9s \u00e0 poursuivre le combat pour mettre fin \u00e0 la TB une fois pour toutes.<\/li>\n\n\n\n<li><strong>Neha Beri<\/strong> de <a href=\"https:\/\/wellingtonadvocacy.com\/\">Wellington Advocacy<\/a> s'est jointe \u00e0 nous pour notre session sur la biblioth\u00e8que humaine afin de partager sa passion pour la politique et son exp\u00e9rience de travail avec les parlementaires et en tant qu'avocate. Merci d'inspirer nos b\u00e9n\u00e9voles et de partager votre sagesse.<\/li>\n\n\n\n<li><strong>Margarita Matias Valencia<\/strong> de <a href=\"https:\/\/www.international.gc.ca\/global-affairs-affaires-mondiales\/home-accueil.aspx?lang=fra\">Affaires mondiales Canada<\/a> a \u00e9galement particip\u00e9 \u00e0 notre biblioth\u00e8que humaine. Margo a fait part de sa grande exp\u00e9rience dans les secteurs public et non marchand. Merci d'inspirer nos b\u00e9n\u00e9voles et de partager votre sagesse.<\/li>\n\n\n\n<li>Consultant <strong>Jean-Fran\u00e7ois Tardif<\/strong> a partag\u00e9 ses connaissances approfondies en tant qu'agent de changement de longue date de la nutrition et du financement au niveau mondial. Merci d'avoir form\u00e9 et inspir\u00e9 nos b\u00e9n\u00e9voles gr\u00e2ce \u00e0 votre exp\u00e9rience dans les secteurs public et \u00e0 but non lucratif.<\/li>\n<\/ul>\n\n\n\n<p class=\"has-text-color has-large-font-size\" style=\"color:#29b5cf\"><span><strong style=\"font-weight: bold;\">\u00e0 nos <\/strong><\/span><strong>commanditaires<\/strong><strong><strong>...<\/strong><\/strong><\/p>\n\n\n<div class=\"wp-block-image\">\n<figure class=\"aligncenter size-large\"><img loading=\"lazy\" decoding=\"async\" width=\"1024\" height=\"576\" src=\"https:\/\/cdn.resultscanada.ca\/wp-content\/uploads\/Retreat-mixer-slideshow-1.png\" alt=\"\" class=\"wp-image-12075\" srcset=\"https:\/\/cdn.resultscanada.ca\/wp-content\/uploads\/Retreat-mixer-slideshow-1.png 1920w, https:\/\/cdn.resultscanada.ca\/wp-content\/uploads\/Retreat-mixer-slideshow-1-300x169.png 300w, https:\/\/cdn.resultscanada.ca\/wp-content\/uploads\/Retreat-mixer-slideshow-1-1024x576.png 1024w, https:\/\/cdn.resultscanada.ca\/wp-content\/uploads\/Retreat-mixer-slideshow-1-768x432.png 768w, https:\/\/cdn.resultscanada.ca\/wp-content\/uploads\/Retreat-mixer-slideshow-1-1536x864.png 1536w, https:\/\/cdn.resultscanada.ca\/wp-content\/uploads\/Retreat-mixer-slideshow-1-18x10.png 18w\" sizes=\"auto, (max-width: 1024px) 100vw, 1024px\" \/><\/figure>\n<\/div>\n\n\n<p>Merci au <a href=\"https:\/\/www.theglobalfund.org\/fr\/\"><strong>Fonds mondial de lutte contre le sida, la tuberculose et le paludisme<\/strong><\/a> et <strong><a href=\"https:\/\/globalpovertysolutions.ca\/\">Global Poverty Solutions<\/a><\/strong> pour votre g\u00e9n\u00e9reux soutien \u00e0 notre retraite ! Votre support est tr\u00e8s important pour nous.<\/p>\n\n\n\n<p class=\"has-text-color has-large-font-size\" style=\"color:#29b5cf\"><strong><strong>\u00e0 nos donateurs.rices...<\/strong><\/strong><\/p>\n\n\n<div class=\"wp-block-image\">\n<figure class=\"aligncenter size-full\"><img loading=\"lazy\" decoding=\"async\" width=\"1000\" height=\"471\" src=\"https:\/\/cdn.resultscanada.ca\/wp-content\/uploads\/retreat-hands-up.png\" alt=\"\" class=\"wp-image-12078\" srcset=\"https:\/\/cdn.resultscanada.ca\/wp-content\/uploads\/retreat-hands-up.png 1000w, https:\/\/cdn.resultscanada.ca\/wp-content\/uploads\/retreat-hands-up-300x141.png 300w, https:\/\/cdn.resultscanada.ca\/wp-content\/uploads\/retreat-hands-up-768x362.png 768w, https:\/\/cdn.resultscanada.ca\/wp-content\/uploads\/retreat-hands-up-18x8.png 18w\" sizes=\"auto, (max-width: 1000px) 100vw, 1000px\" \/><\/figure>\n<\/div>\n\n\n<p>Enfin, bien s\u00fbr, nous sommes profond\u00e9ment reconnaissant.e.s aux donateurs.rices qui ont soutenu cette retraite. Chaque dollar a permis \u00e0 notre communaut\u00e9 d'agent.e.s de changement de se connecter, de renforcer leur travail et de construire le puissant mouvement de changement dont nous avons besoin pour un avenir meilleur pour tous.<\/p>\n\n\n\n<p class=\"has-background\" style=\"background-color:#ffb81c\">Vous souhaitez aussi soutenir notre travail ? <a href=\"https:\/\/resultscanada.ca\/fr\/donate\/\">Faites un don aujourd'hui.<\/a>!<\/p>\n\n\n\n<div class=\"tb-button\" data-toolset-blocks-button=\"a67c2520d825159d94e0518e9cd5b180\"><a class=\"tb-button__link\" href=\"https:\/\/drive.google.com\/drive\/folders\/1S6d9veAPm7WrxUqYVPI_dmzDsJyJIYry\" target=\"_blank\" rel=\"noopener\"><i class=\"tb-button__icon\"><\/i><span class=\"tb-button__content\">voir les photos de la retraite<\/span><\/a><\/div>","protected":false},"excerpt":{"rendered":"<p>Rejoignez-nous pour c\u00e9l\u00e9brer tous ceux et celles qui ont particip\u00e9 \u00e0 l'\u00e9norme succ\u00e8s de la retraite des b\u00e9n\u00e9voles 2025 Together We Lead !<\/p>","protected":false},"author":18,"featured_media":12059,"comment_status":"closed","ping_status":"open","sticky":false,"template":"","format":"standard","meta":{"_seopress_robots_primary_cat":"none","_seopress_titles_title":"#TogetherWeLead Volunteer Retreat \u2013 from inspiration to impact!","_seopress_titles_desc":"Join us in celebrating all who participated in making the 2025 Together We Lead! Volunteer Retreat a huge success.","_seopress_robots_index":"","footnotes":""},"categories":[37,436,437],"tags":[],"class_list":["post-12071","post","type-post","status-publish","format-standard","has-post-thumbnail","hentry","category-volunteer-stories","category-volunteer-action","category-stories"],"_links":{"self":[{"href":"https:\/\/resultscanada.ca\/fr\/wp-json\/wp\/v2\/posts\/12071","targetHints":{"allow":["GET"]}}],"collection":[{"href":"https:\/\/resultscanada.ca\/fr\/wp-json\/wp\/v2\/posts"}],"about":[{"href":"https:\/\/resultscanada.ca\/fr\/wp-json\/wp\/v2\/types\/post"}],"author":[{"embeddable":true,"href":"https:\/\/resultscanada.ca\/fr\/wp-json\/wp\/v2\/users\/18"}],"replies":[{"embeddable":true,"href":"https:\/\/resultscanada.ca\/fr\/wp-json\/wp\/v2\/comments?post=12071"}],"version-history":[{"count":5,"href":"https:\/\/resultscanada.ca\/fr\/wp-json\/wp\/v2\/posts\/12071\/revisions"}],"predecessor-version":[{"id":12108,"href":"https:\/\/resultscanada.ca\/fr\/wp-json\/wp\/v2\/posts\/12071\/revisions\/12108"}],"wp:featuredmedia":[{"embeddable":true,"href":"https:\/\/resultscanada.ca\/fr\/wp-json\/wp\/v2\/media\/12059"}],"wp:attachment":[{"href":"https:\/\/resultscanada.ca\/fr\/wp-json\/wp\/v2\/media?parent=12071"}],"wp:term":[{"taxonomy":"category","embeddable":true,"href":"https:\/\/resultscanada.ca\/fr\/wp-json\/wp\/v2\/categories?post=12071"},{"taxonomy":"post_tag","embeddable":true,"href":"https:\/\/resultscanada.ca\/fr\/wp-json\/wp\/v2\/tags?post=12071"}],"curies":[{"name":"wp","href":"https:\/\/api.w.org\/{rel}","templated":true}]}}