{"id":10095,"date":"2022-12-13T14:13:00","date_gmt":"2022-12-13T19:13:00","guid":{"rendered":"https:\/\/resultscanada.ca\/?p=10095"},"modified":"2025-09-03T12:46:38","modified_gmt":"2025-09-03T17:46:38","slug":"2022-parliamentarians-year-in-review","status":"publish","type":"post","link":"https:\/\/resultscanada.ca\/fr\/2022-parliamentarians-year-in-review\/","title":{"rendered":"r\u00e9trospective parlementaire de l\u2019ann\u00e9e 2022\u00a0\u00a0"},"content":{"rendered":"<p>Notre <a href=\"https:\/\/cdn.resultscanada.ca\/wp-content\/uploads\/ResultsCanada_YearInReview_2022-final-FR-compressed.pdf\" data-type=\"link\" data-id=\"https:\/\/cdn.resultscanada.ca\/wp-content\/uploads\/ResultsCanada_YearInReview_2023_FINAL-WEB.pdf\" target=\"_blank\" rel=\"noreferrer noopener\">r\u00e9trospective parlementaire de l\u2019ann\u00e9e 2022<\/a> donne un aper\u00e7u du leadership de nos parlementaires et de nos r\u00e9alisations collectives. Elle rend homage aux agent.e.s de changement, qui s'appuient sur notre vision d\u2019un monde sans pauvret\u00e9.<\/p>\n\n\n\n<div class=\"tb-button\" data-toolset-blocks-button=\"b174c82a8966cbf953680f95d16758e0\"><a class=\"tb-button__link\" href=\"https:\/\/cdn.resultscanada.ca\/wp-content\/uploads\/ResultsCanada_YearInReview_2022-final-FR-compressed.pdf\" target=\"_blank\" rel=\"noopener\"><i class=\"tb-button__icon\"><\/i><span class=\"tb-button__content\"><strong>r\u00e9trospective parlementaire de l\u2019ann\u00e9e 2022\u00a0<\/strong>\u00a0<\/span><\/a><\/div>","protected":false},"excerpt":{"rendered":"<p>Plongez dans la r\u00e9trospective de l'ann\u00e9e 2022 des parlementaires et c\u00e9l\u00e9brez le leadership des parlementaires et nos r\u00e9alisations collectives en faveur d'un monde sans pauvret\u00e9.<\/p>","protected":false},"author":18,"featured_media":10096,"comment_status":"closed","ping_status":"open","sticky":false,"template":"","format":"standard","meta":{"_seopress_robots_primary_cat":"none","_seopress_titles_title":"2022 Parliamentarian\u2019s Year in Review\u00a0\u00a0","_seopress_titles_desc":"Dive into our 2022 Parliamentarian's Year in Review and celebrate the leadership of parliamentarians and our collective accomplishments towards a world without poverty.","_seopress_robots_index":"","footnotes":""},"categories":[434,220,1],"tags":[69,73,88,96,101,112,118,141,142,144],"class_list":["post-10095","post","type-post","status-publish","format-standard","has-post-thumbnail","hentry","category-publications","category-year-in-review","category-news","tag-parliamentarian","tag-results-canada","tag-volunteer","tag-advocacy","tag-poverty","tag-parliament","tag-mp","tag-engagement","tag-senator","tag-political"],"_links":{"self":[{"href":"https:\/\/resultscanada.ca\/fr\/wp-json\/wp\/v2\/posts\/10095","targetHints":{"allow":["GET"]}}],"collection":[{"href":"https:\/\/resultscanada.ca\/fr\/wp-json\/wp\/v2\/posts"}],"about":[{"href":"https:\/\/resultscanada.ca\/fr\/wp-json\/wp\/v2\/types\/post"}],"author":[{"embeddable":true,"href":"https:\/\/resultscanada.ca\/fr\/wp-json\/wp\/v2\/users\/18"}],"replies":[{"embeddable":true,"href":"https:\/\/resultscanada.ca\/fr\/wp-json\/wp\/v2\/comments?post=10095"}],"version-history":[{"count":2,"href":"https:\/\/resultscanada.ca\/fr\/wp-json\/wp\/v2\/posts\/10095\/revisions"}],"predecessor-version":[{"id":10099,"href":"https:\/\/resultscanada.ca\/fr\/wp-json\/wp\/v2\/posts\/10095\/revisions\/10099"}],"wp:featuredmedia":[{"embeddable":true,"href":"https:\/\/resultscanada.ca\/fr\/wp-json\/wp\/v2\/media\/10096"}],"wp:attachment":[{"href":"https:\/\/resultscanada.ca\/fr\/wp-json\/wp\/v2\/media?parent=10095"}],"wp:term":[{"taxonomy":"category","embeddable":true,"href":"https:\/\/resultscanada.ca\/fr\/wp-json\/wp\/v2\/categories?post=10095"},{"taxonomy":"post_tag","embeddable":true,"href":"https:\/\/resultscanada.ca\/fr\/wp-json\/wp\/v2\/tags?post=10095"}],"curies":[{"name":"wp","href":"https:\/\/api.w.org\/{rel}","templated":true}]}}